{"id":20153,"date":"2019-03-07T06:45:38","date_gmt":"2019-03-07T11:45:38","guid":{"rendered":"https:\/\/linitiative.ca\/International\/souad-dibi-lexemple-de-la-souirie-longtemps-engagee-dans-le-combat-en-faveur-de-la-gent-feminine\/"},"modified":"2019-03-07T06:45:38","modified_gmt":"2019-03-07T11:45:38","slug":"souad-dibi-lexemple-de-la-souirie-longtemps-engagee-dans-le-combat-en-faveur-de-la-gent-feminine","status":"publish","type":"post","link":"https:\/\/linitiative.ca\/International\/souad-dibi-lexemple-de-la-souirie-longtemps-engagee-dans-le-combat-en-faveur-de-la-gent-feminine\/","title":{"rendered":"Souad Dibi, l\u2019exemple de la \u00ab\u00a0Souirie\u00a0\u00bb longtemps engag\u00e9e dans le combat en faveur de la gent f\u00e9minine"},"content":{"rendered":"<div readability=\"39\">\n<p>Par Samir Lotfy<br \/>Essaouira \u2013 Dynamique, minutieuse et femme combattante, Mme Souad Dibi, avec un ton calme, rassur\u00e9 et rassurant, pr\u00e9sente \u00e9loquemment l\u2019exemple d\u2019une \u00ab\u00a0Souirie\u00a0\u00bb amplement engag\u00e9e en faveur de la d\u00e9fense des droits et de la dignit\u00e9 de la gent f\u00e9minine.<\/p>\n<\/div>\n<div readability=\"124\">\n<p>N\u00e9e \u00e0 Essaouira en 1966, Souad Dibi a grandi et fait ses \u00e9tudes \u00e0 El Jadida, avant de revenir \u00e0 sa ville natale pour s\u2019y installer il y a plus de 30 ans, tout en se pr\u00e9occupant d\u00e8s son jeune \u00e2ge de toutes les questions qui int\u00e9ressent la gent f\u00e9minine.<\/p>\n<p>Des questions et des pr\u00e9occupations mais aussi les droits de la femme qu\u2019elle se trouve toujours engag\u00e9e \u00e0 d\u00e9fendre, en mobilisant pour cela, tous les efforts et les bonnes intentions car le respect de la dignit\u00e9 de la femme marocaine en g\u00e9n\u00e9ral et celle Souirie en particulier et son autonomisation, demeurent sa devise.<\/p>\n<p>Ce militantisme en faveur de la femme va amener Souad Dibi \u00e0 cr\u00e9er en 1998 une Association qu\u2019elle baptise \u00a0\u00bbAssociation F\u00e9minine de Bienfaisance El Khir \u00e0 Essaouira\u00a0\u00bb, avec pour principale mission d\u2019aider les femmes \u00e0 se prendre en charge et \u00e0 renforcer leurs capacit\u00e9s sociales et \u00e9conomiques.<\/p>\n<p>Dans la foul\u00e9e de son engagement au f\u00e9minin, Mme Dibi participe \u00e0 un programme de sensibilisation aux droits humains avec un r\u00e9seau d\u2019associations de la r\u00e9gion Marrakech-Tensift-Al Haouz. Elle m\u00e8ne progressivement des campagnes de sensibilisation dans des villages \u00e9loign\u00e9s au niveau de la province d\u2019Essaouira.<\/p>\n<p>En 2001, elle faisait partie de la Cellule Provinciale de D\u00e9fense des Femmes et Enfants victimes de violence, avant de cr\u00e9er d\u00e8s 2008, un Centre d\u2019Ecoute et d\u2019Orientation Juridique, d\u2019Appui m\u00e9dical et psychologique. Une premi\u00e8re structure \u00e0 Essaouira d\u00e9di\u00e9e \u00e0 la d\u00e9fense des femmes victimes de violence et de maltraitance.<\/p>\n<p>Le militantisme av\u00e9r\u00e9 de Mme Souad Dibi ne va pas s\u2019arr\u00eater l\u00e0, puisqu\u2019en 2011 elle cr\u00e9e un Centre de Formation professionnelle au profit des femmes, avant de contribuer \u00e0 la cr\u00e9ation en 2013, d\u2019une Maison d\u2019accueil de jour nomm\u00e9e \u00a0\u00bbLa maternelle Les Petits marins\u00a0\u00bb destin\u00e9e aux enfants en difficult\u00e9.<\/p>\n<p>La m\u00eame ann\u00e9e, elle cr\u00e9e une Coop\u00e9rative de prestation de services qui offre des missions de travail int\u00e9rimaire pour les femmes ayant des difficult\u00e9s \u00e0 trouver un emploi.<\/p>\n<p>L\u2019exp\u00e9rience et l\u2019expertise acquises par Mme Souad Dibi lui ont valu d\u2019\u00eatre invit\u00e9e en tant que \u00a0\u00bbspeaker\u00a0\u00bb au forum de l\u2019innovation sociale (SIGEF) \u00e0 Gen\u00e8ve (Suisse) en 2014. La m\u00eame ann\u00e9e, elle a \u00e9t\u00e9 nomm\u00e9e par le Journal \u00ab\u00a0Le Monde\u00a0\u00bb parmi \u00a0\u00bbles 9 femmes qui font avancer l\u2019Afrique\u00a0\u00bb.<\/p>\n<p>En 2015, les efforts de Mme Souad Dibi vont \u00eatre encore r\u00e9compens\u00e9s avec son obtention d\u2019un Prix de l\u2019\u00e9mancipation des femmes au Forum SIGEF.<\/p>\n<p>Mme Dibi ne tarde pas \u00e0 afficher son d\u00e9sarroi quand elle voit des femmes dans la pr\u00e9carit\u00e9 et se sent vite \u00e9c\u0153ur\u00e9e mais cela ne le d\u00e9courage jamais, car c\u2019est elle, qui avec optimisme et pers\u00e9v\u00e9rance, estime \u00e0 chaque fois qu\u2019\u00e0 chaque probl\u00e8me il y a des solutions et qu\u2019il suffit d\u2019innover.<\/p>\n<p>Pour ce faire, son association se mobilise chaque ann\u00e9e pour mieux accompagner plus d\u2019une centaine de femmes \u00e0 travers des formations bien cibl\u00e9es dans les domaines de la cuisine, de la p\u00e2tisserie et autres services. L\u2019objectif \u00e9tant de mieux qualifier ces femmes \u00e0 travers la cr\u00e9ation d\u2019activit\u00e9s g\u00e9n\u00e9ratrices de revenus (AGR) et par l\u00e0, assurer leur meilleure insertion socioprofessionnelle.<\/p>\n<p>\u00ab\u00a0Notre ambition est de permettre \u00e0 ces femmes de comprendre que la meilleure fa\u00e7on pour s\u2019affirmer et avoir une vie digne, c\u2019est d\u2019\u00eatre financi\u00e8rement autonome\u00a0\u00bb, explique-t-elle, tout en faisant de l\u2019\u00e9galit\u00e9 entre les hommes et les femmes son cheval de bataille.<\/p>\n<p>Au sujet de la journ\u00e9e internationale de la femme, Mme Dibi a fait savoir qu\u2019elle s\u2019agit d\u2019un rendez-vous annuel crucial pour s\u2019arr\u00eater sur les r\u00e9alisations accomplies en mati\u00e8re de promotion des droits de la femme, de prot\u00e9ger la gent f\u00e9minine contre toute injustice, et surtout de jeter la lumi\u00e8re sur sa contribution remarquable au d\u00e9veloppement social ainsi qu\u2019aux diff\u00e9rentes initiatives men\u00e9es dans moult domaines.<\/p>\n<p>\u00a0\u00bbLe 8 mars est une f\u00eate pour la femme mais aussi un rendez-vous pour r\u00e9it\u00e9rer notre engagement \u00e0 redoubler d\u2019efforts et \u00e0 consentir davantage de sacrifices afin que toutes les femmes du monde puissent jouir d\u2019une vie digne et d\u00e9cente\u00a0\u00bb, a-t-elle conclu.<\/p>\n<\/div>\n<p>Auteur: Meriem IGASS<br \/>\n<a href=\"http:\/\/www.mapmarrakech.ma\/fr\/souad-dibi-lexemple-de-la-souirie-longtemps-engagee-dans-le-combat-en-faveur-de-la-gent-feminine\/\">Cliquez ici pour lire l&rsquo;article depuis sa source.<\/a><\/p>\n","protected":false},"excerpt":{"rendered":"<p>Par Samir LotfyEssaouira \u2013 Dynamique, minutieuse et femme combattante, Mme Souad Dibi, avec un ton calme, rassur\u00e9 et rassurant, pr\u00e9sente \u00e9loquemment l\u2019exemple d\u2019une \u00ab\u00a0Souirie\u00a0\u00bb amplement engag\u00e9e en faveur de la d\u00e9fense des droits et de la dignit\u00e9 de la gent f\u00e9minine. N\u00e9e \u00e0 Essaouira en 1966, Souad Dibi a grandi et fait ses \u00e9tudes \u00e0 [&hellip;]<\/p>\n","protected":false},"author":1788,"featured_media":0,"comment_status":"closed","ping_status":"closed","sticky":false,"template":"","format":"standard","meta":{"fifu_image_url":"","fifu_image_alt":"","footnotes":""},"categories":[54,76],"tags":[],"class_list":["post-20153","post","type-post","status-publish","format-standard","hentry","category-maroc","category-regions"],"_links":{"self":[{"href":"https:\/\/linitiative.ca\/International\/wp-json\/wp\/v2\/posts\/20153","targetHints":{"allow":["GET"]}}],"collection":[{"href":"https:\/\/linitiative.ca\/International\/wp-json\/wp\/v2\/posts"}],"about":[{"href":"https:\/\/linitiative.ca\/International\/wp-json\/wp\/v2\/types\/post"}],"author":[{"embeddable":true,"href":"https:\/\/linitiative.ca\/International\/wp-json\/wp\/v2\/users\/1788"}],"replies":[{"embeddable":true,"href":"https:\/\/linitiative.ca\/International\/wp-json\/wp\/v2\/comments?post=20153"}],"version-history":[{"count":0,"href":"https:\/\/linitiative.ca\/International\/wp-json\/wp\/v2\/posts\/20153\/revisions"}],"wp:attachment":[{"href":"https:\/\/linitiative.ca\/International\/wp-json\/wp\/v2\/media?parent=20153"}],"wp:term":[{"taxonomy":"category","embeddable":true,"href":"https:\/\/linitiative.ca\/International\/wp-json\/wp\/v2\/categories?post=20153"},{"taxonomy":"post_tag","embeddable":true,"href":"https:\/\/linitiative.ca\/International\/wp-json\/wp\/v2\/tags?post=20153"}],"curies":[{"name":"wp","href":"https:\/\/api.w.org\/{rel}","templated":true}]}}