{"id":20186,"date":"2019-03-07T15:14:00","date_gmt":"2019-03-07T20:14:00","guid":{"rendered":"https:\/\/linitiative.ca\/International\/ligue-1-2-ess-djabou-je-serai-pret-face-au-mouloudia\/"},"modified":"2019-03-07T15:14:00","modified_gmt":"2019-03-07T20:14:00","slug":"ligue-1-2-ess-djabou-je-serai-pret-face-au-mouloudia","status":"publish","type":"post","link":"https:\/\/linitiative.ca\/International\/ligue-1-2-ess-djabou-je-serai-pret-face-au-mouloudia\/","title":{"rendered":"Ligue 1 &amp; 2 : ESS &#8211; Djabou: \u00abJe serai pr\u00eat face au Mouloudia\u00bb"},"content":{"rendered":"<div readability=\"32\">\n<p>Auteur : <span>Khalil L.<\/span> <span class=\"time\">jeudi 07 mars 2019 10:52<\/span><\/p>\n<\/div>\n<div id=\"post_core\" readability=\"118\">\n<p>Tout le monde se posait la question de savoir si Abdelmoumen Djabou jouera le match de samedi contre le MCA ou non. Eh bien, c\u2019est l\u2019int\u00e9ress\u00e9 lui-m\u00eame qui nous apporte la r\u00e9ponse : \u00abJe crois que je serai pr\u00eat pour ce match, il n\u2019y a pas de soucis.\u00bb Le capitaine de l\u2019Entente de S\u00e9tif, qui avait fait l\u2019impasse sur le dernier match contre la JSK afin de se donner plus de temps pour soigner sa blessure, a repris l\u2019entrainement mardi en solo. \u00abDieu merci, mon \u00e9tat de sant\u00e9 s\u2019est beaucoup am\u00e9lior\u00e9 par rapport \u00e0 la premi\u00e8re semaine qui a suivi le match aller contre Annaba. J\u2019\u00e9tais d\u00e9j\u00e0 bien, puisque j\u2019ai pu jouer le match retour sans trop me plaindre, mais j\u2019ai pr\u00e9f\u00e9r\u00e9 rester encore une semaine au repos avec les soins n\u00e9cessaires pour m\u2019en remettre d\u00e9finitivement.\u00bb<br \/><strong>\u00abL\u2019erreur n\u2019est pas permise chez nous\u00bb<\/strong><br \/>\u00abJ\u2019ai pu reprendre mardi l\u2019entrainement en solo et je vais r\u00e9int\u00e9grer le groupe aujourd\u2019hui (entretien r\u00e9alis\u00e9 hier mercredi ndlr). Ce qui est bien, c\u2019est que je ne ressens plus de douleurs. Je vais t\u00e2cher de reprendre un peu de rythme et normalement tout va bien se passer. En ce qui concerne ce match contre le MCA, je dis qu\u2019il est important pour nous et qu\u2019on n\u2019a pas encore baiss\u00e9 les bras. Et puis, l\u2019erreur n\u2019est pas permise chez nous, on doit gagner ce match\u00bb, a d\u00e9clar\u00e9 le meneur de jeu s\u00e9tifien qui dit que le podium n\u2019est pas encore perdu et que son \u00e9quipe va se battre jusqu\u2019\u00e0 la fin en championnat : \u00abM\u00eame si aujourd\u2019hui, notre principal objectif est la Coupe d\u2019Alg\u00e9rie.\u00bb<br \/><strong>L\u2019effectif au complet face au MCA<\/strong><br \/>Djabou \u00e9tait le dernier joueur \u00e0 avoir quitt\u00e9 l\u2019infirmerie du club en r\u00e9int\u00e9grant hier le groupe \u00e0 l\u2019entra\u00eenement. Car tous les joueurs bless\u00e9s de l\u2019Entente se sont remis de leurs blessures respectives et ont \u00e9t\u00e9 tous pr\u00e9sents \u00e0 la s\u00e9ance d\u2019hier qui a connu la participation de l\u2019ensemble de l\u2019effectif s\u00e9tifien. Depuis son arriv\u00e9e, c\u2019est la premi\u00e8re fois o\u00f9 Nabil Neghiz dispose de tous ses \u00e9l\u00e9ments \u00e0 la veille d\u2019un match officiel. En plus des joueurs bless\u00e9s, Bedrane, qui \u00e9tait suspendu contre la JSK sera lui aussi \u00e0 la disposition du coach.<br \/>\u00a0<\/p>\n<p><strong>Rebia\u00ef \u00abLes points du MCA resteront \u00e0 S\u00e9tif\u00bb<\/strong><\/p>\n<p>Le milieu de terrain de l\u2019ESS estime que son \u00e9quipe n\u2019a pas perdu toutes ses chances pour la course au podium.<br \/><strong>Revenons d\u2019abord sur votre dernier match contre la JSK. Quel commentaire pouvez-vous faire sur cette nouvelle d\u00e9faite ?<\/strong><br \/>Une d\u00e9faite fait toujours mal, nous \u00e9tions tr\u00e8s d\u00e9\u00e7us \u00e9videmment, mais franchement, c\u2019est un match qu\u2019on n\u2019aurait pas d\u00fb perdre si on l\u2019avait pr\u00e9par\u00e9 convenablement. De l\u2019avis de tous, nous avons bien jou\u00e9, surtout en deuxi\u00e8me mi-temps o\u00f9 nous \u00e9tions nettement meilleurs que notre adversaire. La seule erreur que nous avons commise a \u00e9t\u00e9 pay\u00e9e cash. Mais nous avons eu des occasions par la suite qu\u2019on n\u2019a pas su transformer. On ne m\u00e9ritait pas de perdre, mais aujourd\u2019hui, on n\u2019y pense plus, on doit se concentrer sur ce qui va venir.<br \/><strong>Si on comprend bien, cette d\u00e9faite ne va pas vous affecter pour la suite, c\u2019est cela ?<\/strong><br \/>Tout \u00e0 fait, car on n\u2019a pas beaucoup de choses \u00e0 se reprocher dans la mesure o\u00f9 nous avons fait le match qu\u2019il fallait, sans oublier que l\u2019adversaire a jou\u00e9 sous une forte pression et les conditions de jeu \u00e9taient vraiment difficiles. Comme je viens de vous le dire, on a fait un bon match, mais nous avons manqu\u00e9 de chance. Je peux vous dire que cette d\u00e9faite, m\u00eame si on ne la m\u00e9ritait pas, elle ne va pas nous affecter. Tous les joueurs pensent maintenant au prochain match contre le MCA qu\u2019ils sont d\u00e9cid\u00e9s \u00e0 gagner.<br \/><strong>En parlant de ce match, comment le pr\u00e9parez-vous ?<\/strong><br \/>Nous le pr\u00e9parons dans de bonnes conditions, et comme vous avez pu le constatez, tout le monde a repris les entrainements, y compris les bless\u00e9s et les entrainements se d\u00e9roulent dans une tr\u00e8s bonne ambiance. Je vous ai dit que la d\u00e9faite contre la JSK ne nous a pas affect\u00e9s. Le prochain match contre le MCA est important pour nous et nous allons tout faire pour que les trois points restent \u00e0 S\u00e9tif.<br \/><strong>Avec ce match en retard contre le Mouloudia, vous allez pouvoir recevoir deux fois de suite sur votre terrain. Comment voyez-vous cela ?<\/strong><br \/>C\u2019est une chance pour nous, recevoir deux fois de suite sur notre terrain, le MCA puis le MCO, une belle occasion pour avancer au classement. On ne doit pas faire de calcul, mais on va se contenter d\u2019empocher les points des deux matchs et on verra par la suite. En tout cas, il ne faut pas rater cette occasion.<br \/><strong>Mais l\u2019Entente est aujourd\u2019hui loin du podium qui \u00e9tait votre dernier objectif en championnat. Qu\u2019en dites-vous ?<\/strong><br \/>Je ne suis pas du genre \u00e0 baisser les bras aussi facilement. C\u2019est vrai, notre position au classement n\u2019est pas assez confortable par rapport aux autres concurrents, on est un peu en difficult\u00e9, mais je ne perds pas espoir de pouvoir revenir. Math\u00e9matiquement, le podium reste possible et on doit empocher le maximum de points pour avancer au classement. Apr\u00e8s, on ne sait pas ce qui va se passer, tout reste possible. D\u2019un autre c\u00f4t\u00e9, des victoires en championnat vont nous motiver en Coupe d\u2019Alg\u00e9rie qui est maintenant notre principal objectif.<br \/><strong>Sur le plan personnel, o\u00f9 en \u00eates-vous avec votre blessure ?<\/strong><br \/>J\u2019avais quelques probl\u00e8mes musculaires apr\u00e8s le match contre la JSK, c\u2019\u00e9tait des crampes douloureuses \u00e0 la jambe et j\u2019avais peur de reprendre l\u2019entrainement sans m\u2019en d\u00e9barrasser. Je me suis bien soign\u00e9 alors et apr\u00e8s j\u2019ai pu r\u00e9int\u00e9grer le groupe. Maintenant, tout va bien.<\/p>\n<p><strong>Sa\u00e2d justifie son absence par du retard<\/strong><br \/>Comme nous l\u2019indiquions hier, An\u00e8s Saad a r\u00e9int\u00e9gr\u00e9 le groupe \u00e0 l\u2019entrainement mardi pass\u00e9, soit le lendemain de la s\u00e9ance de la reprise sur laquelle il avait fait l\u2019impasse. Le joueur est all\u00e9 directement s\u2019excuser aupr\u00e8s de son entra\u00eeneur qui ne lui a pas cach\u00e9 sa col\u00e8re pour autant. Neghiz savait pourquoi le joueur s\u2019\u00e9tait absent\u00e9, il est au courant de son histoire, mais Saad a justifi\u00e9 son absence par un simple retard. Il dira qu\u2019il n\u2019a pas pu rentrer \u00e0 temps en revenant de chez lui et c\u2019est pour cela qu\u2019il a rat\u00e9 la s\u00e9ance de la reprise.<\/p>\n<p><strong>Neghiz lui a fait savoir que c\u2019est un manque de respect pour ses co\u00e9quipiers<\/strong><br \/>Le coach s\u00e9tifien, qui n\u2019a pas aval\u00e9 ce qu\u2019il avait entendu, a fait savoir \u00e0 Saad que quelle que soit la raison de son absence, elle est inacceptable, car tous ses co\u00e9quipiers \u00e9taient pr\u00e9sents et personne, \u00e0 part lui, n\u2019a eu ce probl\u00e8me. Il lui a clairement indiqu\u00e9 qu\u2019il ne tol\u00e8re pas des absences sans raison valable et que cela est d\u2019abord un manque de respect envers ses co\u00e9quipiers, sans oublier de lui dire que c\u2019est \u00e0 eux qu\u2019il devrait pr\u00e9senter ses excuses.<br \/><strong>Il s\u2019est engag\u00e9 \u00e0 ne plus refaire \u00e7a<\/strong><br \/>Apparemment, An\u00e8s Saad a \u00e9t\u00e9 touch\u00e9 par les propos de son entraineur et il lui a promis qu\u2019il ne refera plus \u00e7a. Il a reconnu avoir faut\u00e9 et il s\u2019est engag\u00e9 \u00e0 ne plus s\u2019absenter et de faire de son mieux pour travailler tr\u00e8s dur pour revenir \u00e0 son meilleur niveau.<\/p>\n<p><strong>Publi\u00e9 dans :<\/strong> <span>ess<\/span> <span>Djabou<\/span> <span>Neghiz<\/span><\/p>\n<\/div>\n<p>Auteur:<br \/>\n<a href=\"http:\/\/www.lebuteur.com\/article\/detail?titre=ess-djabou-je-serai-pret-face-au-mouloudia&#038;id=86928&#038;utm_source=feedburner&#038;utm_medium=feed&#038;utm_campaign=Feed%3A+GalerieFArtciles+%28Les+derniers+articles++-+lebuteur.com%29\">Cliquez ici pour lire l&rsquo;article depuis sa source.<\/a><\/p>\n","protected":false},"excerpt":{"rendered":"<p>Auteur : Khalil L. jeudi 07 mars 2019 10:52 Tout le monde se posait la question de savoir si Abdelmoumen Djabou jouera le match de samedi contre le MCA ou non. Eh bien, c\u2019est l\u2019int\u00e9ress\u00e9 lui-m\u00eame qui nous apporte la r\u00e9ponse : \u00abJe crois que je serai pr\u00eat pour ce match, il n\u2019y a pas [&hellip;]<\/p>\n","protected":false},"author":1738,"featured_media":20187,"comment_status":"closed","ping_status":"closed","sticky":false,"template":"","format":"standard","meta":{"fifu_image_url":"","fifu_image_alt":"","footnotes":""},"categories":[53,75],"tags":[],"class_list":["post-20186","post","type-post","status-publish","format-standard","has-post-thumbnail","hentry","category-algerie","category-sport"],"_links":{"self":[{"href":"https:\/\/linitiative.ca\/International\/wp-json\/wp\/v2\/posts\/20186","targetHints":{"allow":["GET"]}}],"collection":[{"href":"https:\/\/linitiative.ca\/International\/wp-json\/wp\/v2\/posts"}],"about":[{"href":"https:\/\/linitiative.ca\/International\/wp-json\/wp\/v2\/types\/post"}],"author":[{"embeddable":true,"href":"https:\/\/linitiative.ca\/International\/wp-json\/wp\/v2\/users\/1738"}],"replies":[{"embeddable":true,"href":"https:\/\/linitiative.ca\/International\/wp-json\/wp\/v2\/comments?post=20186"}],"version-history":[{"count":0,"href":"https:\/\/linitiative.ca\/International\/wp-json\/wp\/v2\/posts\/20186\/revisions"}],"wp:featuredmedia":[{"embeddable":true,"href":"https:\/\/linitiative.ca\/International\/wp-json\/"}],"wp:attachment":[{"href":"https:\/\/linitiative.ca\/International\/wp-json\/wp\/v2\/media?parent=20186"}],"wp:term":[{"taxonomy":"category","embeddable":true,"href":"https:\/\/linitiative.ca\/International\/wp-json\/wp\/v2\/categories?post=20186"},{"taxonomy":"post_tag","embeddable":true,"href":"https:\/\/linitiative.ca\/International\/wp-json\/wp\/v2\/tags?post=20186"}],"curies":[{"name":"wp","href":"https:\/\/api.w.org\/{rel}","templated":true}]}}