{"id":20188,"date":"2019-03-07T15:14:01","date_gmt":"2019-03-07T20:14:01","guid":{"rendered":"https:\/\/linitiative.ca\/International\/international-real-madrid-cette-annonce-fracassante-sur-le-retour-de-zidane\/"},"modified":"2019-03-07T15:14:01","modified_gmt":"2019-03-07T20:14:01","slug":"international-real-madrid-cette-annonce-fracassante-sur-le-retour-de-zidane","status":"publish","type":"post","link":"https:\/\/linitiative.ca\/International\/international-real-madrid-cette-annonce-fracassante-sur-le-retour-de-zidane\/","title":{"rendered":"International : Real Madrid : Cette annonce fracassante sur le retour de Zidane !"},"content":{"rendered":"<div readability=\"32\">\n<p>Auteur : <span class=\"time\">jeudi 07 mars 2019 14:16<\/span><\/p>\n<\/div>\n<div id=\"post_core\" readability=\"48\">\n<p>L\u2019avenir de Santiago Solari ne tient plus qu\u2019\u00e0 un fil. Assur\u00e9 de r\u00e9aliser une saison blanche, le technicien argentin, qui a tout perdu en une semaine, ne sera pas reconduit \u00e0 l\u2019issue de la saison. Par cons\u00e9quent, Florentino P\u00e9rez travaille pour trouver le successeur de Solari. Et alors que plusieurs noms circulent, le retour de Zinedine Zidane serait bel et bien dans les tuyaux. Interrog\u00e9 par la BBC, Ramon Calderon, ancien pr\u00e9sident du Real Madrid, a confirm\u00e9 que Florentino P\u00e9rez a bien contact\u00e9 Zinedine Zidane qui ne souhaite toutefois pas revenir tout de suite. En revanche, au mois de juin \u00e7a pourrait \u00eatre diff\u00e9rent. \u00ab Je sais que ce matin (mercredi, NDLR) le pr\u00e9sident a appel\u00e9 Zidane pour qu\u2019il revienne et que pour le moment il a dit non. Mais il laisse la porte ouverte \u00e0 un retour en juin \u00bb, confie Calderon au micro de la radio anglaise et comme rapport\u00e9 par Le 10 Sport.<\/p>\n<p><strong>Publi\u00e9 dans :<\/strong> <span>Zidane<\/span> <span>real madrid<\/span><\/p>\n<\/div>\n<p>Auteur:<br \/>\n<a href=\"http:\/\/www.lebuteur.com\/article\/detail?titre=real-madrid-cette-annonce-fracassante-sur-le-retour-de-zidane&#038;id=86949&#038;utm_source=feedburner&#038;utm_medium=feed&#038;utm_campaign=Feed%3A+GalerieFArtciles+%28Les+derniers+articles++-+lebuteur.com%29\">Cliquez ici pour lire l&rsquo;article depuis sa source.<\/a><\/p>\n","protected":false},"excerpt":{"rendered":"<p>Auteur : jeudi 07 mars 2019 14:16 L\u2019avenir de Santiago Solari ne tient plus qu\u2019\u00e0 un fil. Assur\u00e9 de r\u00e9aliser une saison blanche, le technicien argentin, qui a tout perdu en une semaine, ne sera pas reconduit \u00e0 l\u2019issue de la saison. Par cons\u00e9quent, Florentino P\u00e9rez travaille pour trouver le successeur de Solari. Et alors [&hellip;]<\/p>\n","protected":false},"author":1738,"featured_media":20189,"comment_status":"closed","ping_status":"closed","sticky":false,"template":"","format":"standard","meta":{"fifu_image_url":"","fifu_image_alt":"","footnotes":""},"categories":[53,75],"tags":[],"class_list":["post-20188","post","type-post","status-publish","format-standard","has-post-thumbnail","hentry","category-algerie","category-sport"],"_links":{"self":[{"href":"https:\/\/linitiative.ca\/International\/wp-json\/wp\/v2\/posts\/20188","targetHints":{"allow":["GET"]}}],"collection":[{"href":"https:\/\/linitiative.ca\/International\/wp-json\/wp\/v2\/posts"}],"about":[{"href":"https:\/\/linitiative.ca\/International\/wp-json\/wp\/v2\/types\/post"}],"author":[{"embeddable":true,"href":"https:\/\/linitiative.ca\/International\/wp-json\/wp\/v2\/users\/1738"}],"replies":[{"embeddable":true,"href":"https:\/\/linitiative.ca\/International\/wp-json\/wp\/v2\/comments?post=20188"}],"version-history":[{"count":0,"href":"https:\/\/linitiative.ca\/International\/wp-json\/wp\/v2\/posts\/20188\/revisions"}],"wp:featuredmedia":[{"embeddable":true,"href":"https:\/\/linitiative.ca\/International\/wp-json\/"}],"wp:attachment":[{"href":"https:\/\/linitiative.ca\/International\/wp-json\/wp\/v2\/media?parent=20188"}],"wp:term":[{"taxonomy":"category","embeddable":true,"href":"https:\/\/linitiative.ca\/International\/wp-json\/wp\/v2\/categories?post=20188"},{"taxonomy":"post_tag","embeddable":true,"href":"https:\/\/linitiative.ca\/International\/wp-json\/wp\/v2\/tags?post=20188"}],"curies":[{"name":"wp","href":"https:\/\/api.w.org\/{rel}","templated":true}]}}