{"id":20190,"date":"2019-03-07T15:14:03","date_gmt":"2019-03-07T20:14:03","guid":{"rendered":"https:\/\/linitiative.ca\/International\/pros-atal-lun-des-joueurs-les-plus-rapides-deurope\/"},"modified":"2019-03-07T15:14:03","modified_gmt":"2019-03-07T20:14:03","slug":"pros-atal-lun-des-joueurs-les-plus-rapides-deurope","status":"publish","type":"post","link":"https:\/\/linitiative.ca\/International\/pros-atal-lun-des-joueurs-les-plus-rapides-deurope\/","title":{"rendered":"Pros : Atal l\u2019un des joueurs les plus rapides d&rsquo;Europe !"},"content":{"rendered":"<div readability=\"32\">\n<p>Auteur : <span>Moumen A.<\/span> <span class=\"time\">jeudi 07 mars 2019 17:11<\/span><\/p>\n<\/div>\n<div id=\"post_core\" readability=\"56\">\n<p>Arriv\u00e9 en provenance de Courtrai, l\u2019Alg\u00e9rien Youcef Atal \u00a0a r\u00e9ussi \u00e0 s\u2019imposer comme un \u00e9l\u00e9ment incontournable dans l\u2019\u00e9chiquier de son entraineur Patrick Vieira. \u00a0Atal grandit \u00e0 pas de g\u00e9ant, bien qu&rsquo;il reste encore perfectible et doit corriger beaucoup de\u00a0 lacunes notamment sur le plan d\u00e9fensif.\u00a0 Sa jeunesse, et sa marge progression consid\u00e9rable font \u00a0de lui, l\u2019un des joueurs les plus cot\u00e9s de la Ligue 1, au m\u00eame titre\u00a0 que le joueur du RC Strasbourg Kenny Lala, courtis\u00e9 par des cadors de la Premier League et de la Liga Espagnole<\/p>\n<p><strong>C\u2019est l\u2019un des plus rapides en Europe<\/strong><\/p>\n<p>La lat\u00e9ral droit de l\u2019Equipe national, Youcef Atal\u00a0 se distingue souvent\u00a0 par son excellent dribble,\u00a0 qui est bien meilleur que son concurrent pour le poste de meilleur arri\u00e8re lat\u00e9ral\u00a0 de la Ligue\u00a0 1, Kenny Lala.\u00a0 Actuellement, il est\u00a0 aussi l\u2019un des joueurs les plus rapides d\u2019Europe et l\u2019un des plus performants en France. Seulement, quand il a le ballon, il a du mal \u00e0 relever la t\u00eate. C&rsquo;est un joueur tr\u00e8s vertical\u00a0 choisissant toujours d&rsquo;avancer avec le ballon\u00a0 ce qui\u00a0 provoque parfois\u00a0 de nombreux revirements de contres. Cependant, \u00a0\u00a0Youcef reste tr\u00e8s percutant gr\u00e2ce\u00a0 \u00e0 sa capacit\u00e9 de changer le rythme en pleine acc\u00e9l\u00e9ration balle au pied, m\u00eame s\u2019il a lieu de noter qu&rsquo;il est\u00a0 jeune donc\u00a0 bien capable de progresser dans ce registre l\u00e0.<\/p>\n<p><strong>Moumen A.<\/strong><\/p>\n<p><strong>Publi\u00e9 dans :<\/strong> <span>Atal<\/span><\/p>\n<\/div>\n<p>Auteur:<br \/>\n<a href=\"http:\/\/www.lebuteur.com\/article\/detail?titre=atal-lun-des-joueurs-les-plus-rapides-deurope&#038;id=86950&#038;utm_source=feedburner&#038;utm_medium=feed&#038;utm_campaign=Feed%3A+GalerieFArtciles+%28Les+derniers+articles++-+lebuteur.com%29\">Cliquez ici pour lire l&rsquo;article depuis sa source.<\/a><\/p>\n","protected":false},"excerpt":{"rendered":"<p>Auteur : Moumen A. jeudi 07 mars 2019 17:11 Arriv\u00e9 en provenance de Courtrai, l\u2019Alg\u00e9rien Youcef Atal \u00a0a r\u00e9ussi \u00e0 s\u2019imposer comme un \u00e9l\u00e9ment incontournable dans l\u2019\u00e9chiquier de son entraineur Patrick Vieira. \u00a0Atal grandit \u00e0 pas de g\u00e9ant, bien qu&rsquo;il reste encore perfectible et doit corriger beaucoup de\u00a0 lacunes notamment sur le plan d\u00e9fensif.\u00a0 Sa [&hellip;]<\/p>\n","protected":false},"author":1738,"featured_media":20191,"comment_status":"closed","ping_status":"closed","sticky":false,"template":"","format":"standard","meta":{"fifu_image_url":"","fifu_image_alt":"","footnotes":""},"categories":[53,75],"tags":[],"class_list":["post-20190","post","type-post","status-publish","format-standard","has-post-thumbnail","hentry","category-algerie","category-sport"],"_links":{"self":[{"href":"https:\/\/linitiative.ca\/International\/wp-json\/wp\/v2\/posts\/20190","targetHints":{"allow":["GET"]}}],"collection":[{"href":"https:\/\/linitiative.ca\/International\/wp-json\/wp\/v2\/posts"}],"about":[{"href":"https:\/\/linitiative.ca\/International\/wp-json\/wp\/v2\/types\/post"}],"author":[{"embeddable":true,"href":"https:\/\/linitiative.ca\/International\/wp-json\/wp\/v2\/users\/1738"}],"replies":[{"embeddable":true,"href":"https:\/\/linitiative.ca\/International\/wp-json\/wp\/v2\/comments?post=20190"}],"version-history":[{"count":0,"href":"https:\/\/linitiative.ca\/International\/wp-json\/wp\/v2\/posts\/20190\/revisions"}],"wp:featuredmedia":[{"embeddable":true,"href":"https:\/\/linitiative.ca\/International\/wp-json\/"}],"wp:attachment":[{"href":"https:\/\/linitiative.ca\/International\/wp-json\/wp\/v2\/media?parent=20190"}],"wp:term":[{"taxonomy":"category","embeddable":true,"href":"https:\/\/linitiative.ca\/International\/wp-json\/wp\/v2\/categories?post=20190"},{"taxonomy":"post_tag","embeddable":true,"href":"https:\/\/linitiative.ca\/International\/wp-json\/wp\/v2\/tags?post=20190"}],"curies":[{"name":"wp","href":"https:\/\/api.w.org\/{rel}","templated":true}]}}