{"id":20192,"date":"2019-03-07T15:14:05","date_gmt":"2019-03-07T20:14:05","guid":{"rendered":"https:\/\/linitiative.ca\/International\/pros-manchester-city-guardiola-pret-a-mettre-45me-pour-ce-joueur-algerien\/"},"modified":"2019-03-07T15:14:05","modified_gmt":"2019-03-07T20:14:05","slug":"pros-manchester-city-guardiola-pret-a-mettre-45me-pour-ce-joueur-algerien","status":"publish","type":"post","link":"https:\/\/linitiative.ca\/International\/pros-manchester-city-guardiola-pret-a-mettre-45me-pour-ce-joueur-algerien\/","title":{"rendered":"Pros : Manchester City: Guardiola pr\u00eat \u00e0 mettre 45M\u20ac pour ce joueur Alg\u00e9rien"},"content":{"rendered":"<div readability=\"32\">\n<p>Auteur : <span>Riad O.<\/span> <span class=\"time\">jeudi 07 mars 2019 18:32<\/span><\/p>\n<\/div>\n<div id=\"post_core\" readability=\"47\">\n<p>Le m\u00e9dia espagnol, elgoldigital a indiqu\u00e9 que l\u2019entra\u00eeneur des Citizens, Pep Guardiola appr\u00e9cie \u00e9norm\u00e9ment le profil du d\u00e9fenseur Alg\u00e9rien du Real B\u00e9tis. Selon la m\u00eame source toujours, le d\u00e9fenseur du Real B\u00e9tis poss\u00e8de toutes les caract\u00e9ristiques du bon d\u00e9fenseur pour Guardiola, notamment l\u2019engagement physique et sa capacit\u00e9 de faire le jeu et sortir la balle proprement de la zone d\u00e9fensive. Toujours d\u2019apr\u00e8s, le m\u00e9dia espagnol, elgoldigital.com, l\u2019ancien driver du FC Barcelone voit en Aissa Mandi l\u2019associ\u00e9 parfait du fran\u00e7ais, Aymeric Laporte dans l\u2019axe de la d\u00e9fense. Et afin de faire venir Aissa Mandi \u00e0 l\u2019Etihad Stadium, l\u2019entra\u00eeneur de Manchester City serait pr\u00eat \u00e0 user de gros moyens. C\u2019est ainsi que le m\u00e9dia espagnol, elgoldigital.com a r\u00e9v\u00e9l\u00e9 que les Citizens pourraient formuler une offre de 45 millions d\u2019euros \u00e0 la direction du Real B\u00e9tis afin de s\u2019attacher les services d\u2019Aissa Mandi.<\/p>\n<p><strong>Publi\u00e9 dans :<\/strong> <span>Manchester City<\/span> <span>Guardiola<\/span><\/p>\n<\/div>\n<p>Auteur:<br \/>\n<a href=\"http:\/\/www.lebuteur.com\/article\/detail?titre=manchester-city-guardiola-pret-a-mettre-45m%E2%82%AC-pour-ce-joueur-algerien&#038;id=86951&#038;utm_source=feedburner&#038;utm_medium=feed&#038;utm_campaign=Feed%3A+GalerieFArtciles+%28Les+derniers+articles++-+lebuteur.com%29\">Cliquez ici pour lire l&rsquo;article depuis sa source.<\/a><\/p>\n","protected":false},"excerpt":{"rendered":"<p>Auteur : Riad O. jeudi 07 mars 2019 18:32 Le m\u00e9dia espagnol, elgoldigital a indiqu\u00e9 que l\u2019entra\u00eeneur des Citizens, Pep Guardiola appr\u00e9cie \u00e9norm\u00e9ment le profil du d\u00e9fenseur Alg\u00e9rien du Real B\u00e9tis. Selon la m\u00eame source toujours, le d\u00e9fenseur du Real B\u00e9tis poss\u00e8de toutes les caract\u00e9ristiques du bon d\u00e9fenseur pour Guardiola, notamment l\u2019engagement physique et sa [&hellip;]<\/p>\n","protected":false},"author":1738,"featured_media":20193,"comment_status":"closed","ping_status":"closed","sticky":false,"template":"","format":"standard","meta":{"fifu_image_url":"","fifu_image_alt":"","footnotes":""},"categories":[53,75],"tags":[],"class_list":["post-20192","post","type-post","status-publish","format-standard","has-post-thumbnail","hentry","category-algerie","category-sport"],"_links":{"self":[{"href":"https:\/\/linitiative.ca\/International\/wp-json\/wp\/v2\/posts\/20192","targetHints":{"allow":["GET"]}}],"collection":[{"href":"https:\/\/linitiative.ca\/International\/wp-json\/wp\/v2\/posts"}],"about":[{"href":"https:\/\/linitiative.ca\/International\/wp-json\/wp\/v2\/types\/post"}],"author":[{"embeddable":true,"href":"https:\/\/linitiative.ca\/International\/wp-json\/wp\/v2\/users\/1738"}],"replies":[{"embeddable":true,"href":"https:\/\/linitiative.ca\/International\/wp-json\/wp\/v2\/comments?post=20192"}],"version-history":[{"count":0,"href":"https:\/\/linitiative.ca\/International\/wp-json\/wp\/v2\/posts\/20192\/revisions"}],"wp:featuredmedia":[{"embeddable":true,"href":"https:\/\/linitiative.ca\/International\/wp-json\/"}],"wp:attachment":[{"href":"https:\/\/linitiative.ca\/International\/wp-json\/wp\/v2\/media?parent=20192"}],"wp:term":[{"taxonomy":"category","embeddable":true,"href":"https:\/\/linitiative.ca\/International\/wp-json\/wp\/v2\/categories?post=20192"},{"taxonomy":"post_tag","embeddable":true,"href":"https:\/\/linitiative.ca\/International\/wp-json\/wp\/v2\/tags?post=20192"}],"curies":[{"name":"wp","href":"https:\/\/api.w.org\/{rel}","templated":true}]}}