{"id":20194,"date":"2019-03-07T15:14:06","date_gmt":"2019-03-07T20:14:06","guid":{"rendered":"https:\/\/linitiative.ca\/International\/international-un-supporter-du-stade-rennais-se-fait-tatouer-bensebaini-sur-le-mollet\/"},"modified":"2019-03-07T15:14:06","modified_gmt":"2019-03-07T20:14:06","slug":"international-un-supporter-du-stade-rennais-se-fait-tatouer-bensebaini-sur-le-mollet","status":"publish","type":"post","link":"https:\/\/linitiative.ca\/International\/international-un-supporter-du-stade-rennais-se-fait-tatouer-bensebaini-sur-le-mollet\/","title":{"rendered":"International : Un supporter du Stade Rennais se fait tatouer Benseba\u00efni sur le mollet"},"content":{"rendered":"<div readability=\"32\">\n<p>Auteur : <span class=\"time\">jeudi 07 mars 2019 18:34<\/span><\/p>\n<\/div>\n<div id=\"post_core\" readability=\"54\">\n<p>Suite \u00e0 la qualif\u2019 du Stade Rennais face au B\u00e9tis Seville en Europa League, un supporter du Stade Rennais a tenu sa promesse en ayant d\u00e9finitivement le SRFC dans la peau. En effet, et \u00e0 l\u2019issu du match aller qui s\u2019\u00e9tait sold\u00e9 sur le score de parit\u00e9 de trois buts partout, Maxime, supporter rennais, avait fait, avec un ami, le pari de se faire tatouer le premier buteur Renais au match retour. Au bout d\u2019une demi-heure de jeu, les Rouge et Noir m\u00e8nent d\u00e9j\u00e0 par deux buts \u00e0 z\u00e9ro, gr\u00e2ce \u00e0 Bensebaini et Hunou. Pour Maxime, l\u2019heureux \u00e9lu est d\u00e9j\u00e0 tout d\u00e9sign\u00e9, ce sera le d\u00e9fenseur Ramy Bensebaini, sans regrets\u00a0:\u00a0\u00abSon match est exceptionnel. Pour moi c\u2019est lui l\u2019homme du match. Il marque, son r\u00f4le d\u00e9fensif a \u00e9t\u00e9 important, son charisme encore plus. Pour moi, Bensebaini est la repr\u00e9sentation physique de la partie schizophr\u00e8ne des supporters en g\u00e9n\u00e9ral. On le pourrit en d\u00e9but de saison quand il rempla\u00e7ait Mexer dans l\u2019axe alors qu\u2019il comblait juste un vide. Maintenant qu\u2019il est revenu sur le c\u00f4t\u00e9 il est applaudi \u00e0 chaque match. \u00bb Quelques jours apr\u00e8s la rencontre, Maxime se rend donc chez sa tatoueuse habituelle, et en ressort avec le visage du joueur sur le mollet droit.<\/p>\n<p><strong>Publi\u00e9 dans :<\/strong> <span>Bensebaini<\/span><\/p>\n<\/div>\n<p>Auteur:<br \/>\n<a href=\"http:\/\/www.lebuteur.com\/article\/detail?titre=un-supporter-du-stade-rennais-se-fait-tatouer-bensebaini-sur-le-mollet&#038;id=86953&#038;utm_source=feedburner&#038;utm_medium=feed&#038;utm_campaign=Feed%3A+GalerieFArtciles+%28Les+derniers+articles++-+lebuteur.com%29\">Cliquez ici pour lire l&rsquo;article depuis sa source.<\/a><\/p>\n","protected":false},"excerpt":{"rendered":"<p>Auteur : jeudi 07 mars 2019 18:34 Suite \u00e0 la qualif\u2019 du Stade Rennais face au B\u00e9tis Seville en Europa League, un supporter du Stade Rennais a tenu sa promesse en ayant d\u00e9finitivement le SRFC dans la peau. En effet, et \u00e0 l\u2019issu du match aller qui s\u2019\u00e9tait sold\u00e9 sur le score de parit\u00e9 de [&hellip;]<\/p>\n","protected":false},"author":1738,"featured_media":20195,"comment_status":"closed","ping_status":"closed","sticky":false,"template":"","format":"standard","meta":{"fifu_image_url":"","fifu_image_alt":"","footnotes":""},"categories":[53,75],"tags":[],"class_list":["post-20194","post","type-post","status-publish","format-standard","has-post-thumbnail","hentry","category-algerie","category-sport"],"_links":{"self":[{"href":"https:\/\/linitiative.ca\/International\/wp-json\/wp\/v2\/posts\/20194","targetHints":{"allow":["GET"]}}],"collection":[{"href":"https:\/\/linitiative.ca\/International\/wp-json\/wp\/v2\/posts"}],"about":[{"href":"https:\/\/linitiative.ca\/International\/wp-json\/wp\/v2\/types\/post"}],"author":[{"embeddable":true,"href":"https:\/\/linitiative.ca\/International\/wp-json\/wp\/v2\/users\/1738"}],"replies":[{"embeddable":true,"href":"https:\/\/linitiative.ca\/International\/wp-json\/wp\/v2\/comments?post=20194"}],"version-history":[{"count":0,"href":"https:\/\/linitiative.ca\/International\/wp-json\/wp\/v2\/posts\/20194\/revisions"}],"wp:featuredmedia":[{"embeddable":true,"href":"https:\/\/linitiative.ca\/International\/wp-json\/"}],"wp:attachment":[{"href":"https:\/\/linitiative.ca\/International\/wp-json\/wp\/v2\/media?parent=20194"}],"wp:term":[{"taxonomy":"category","embeddable":true,"href":"https:\/\/linitiative.ca\/International\/wp-json\/wp\/v2\/categories?post=20194"},{"taxonomy":"post_tag","embeddable":true,"href":"https:\/\/linitiative.ca\/International\/wp-json\/wp\/v2\/tags?post=20194"}],"curies":[{"name":"wp","href":"https:\/\/api.w.org\/{rel}","templated":true}]}}