{"id":20196,"date":"2019-03-07T15:14:08","date_gmt":"2019-03-07T20:14:08","guid":{"rendered":"https:\/\/linitiative.ca\/International\/pros-cagliari-bordeaux-et-getafe-sinteresse-a-fares\/"},"modified":"2019-03-07T15:14:08","modified_gmt":"2019-03-07T20:14:08","slug":"pros-cagliari-bordeaux-et-getafe-sinteresse-a-fares","status":"publish","type":"post","link":"https:\/\/linitiative.ca\/International\/pros-cagliari-bordeaux-et-getafe-sinteresse-a-fares\/","title":{"rendered":"Pros : Cagliari, Bordeaux et Getafe s\u2019int\u00e9resse \u00e0 Far\u00e8s"},"content":{"rendered":"<div readability=\"32\">\n<p>Auteur : <span>Riad O.<\/span> <span class=\"time\">jeudi 07 mars 2019 18:34<\/span><\/p>\n<\/div>\n<div id=\"post_core\" readability=\"41\">\n<p>A en croire certains m\u00e9dias italiens, le nom du d\u00e9fenseur arri\u00e8re gauche de SPAL, Mohamed Far\u00e8s serait sur les tablettes de plusieurs clubs europ\u00e9ens. Le joueur Alg\u00e9rien \u00e9volue \u00e0 SPAL sous forme de pr\u00eat, lui qui est encore sous contrat avec l\u2019Hellas V\u00e9rone et dont la clause lib\u00e9ratoire s\u2019\u00e9l\u00e8ve \u00e0 trois millions d\u2019euros. Un montant jug\u00e9 pas cher par les sp\u00e9cialistes et ce au vu des prestations fournisses par Far\u00e8s en S\u00e9rie A cette saison. Ainsi donc, et si on se fie \u00e0 la presse italienne, Cagliari, Bordeaux et Getafe seraient sur les traces du d\u00e9fenseur arri\u00e8re gauche de l\u2019EN.<\/p>\n<p><strong>Publi\u00e9 dans :<\/strong> <span>Fares<\/span><\/p>\n<\/div>\n<p>Auteur:<br \/>\n<a href=\"http:\/\/www.lebuteur.com\/article\/detail?titre=cagliari-bordeaux-et-getafe-sinteresse-a-fares&#038;id=86952&#038;utm_source=feedburner&#038;utm_medium=feed&#038;utm_campaign=Feed%3A+GalerieFArtciles+%28Les+derniers+articles++-+lebuteur.com%29\">Cliquez ici pour lire l&rsquo;article depuis sa source.<\/a><\/p>\n","protected":false},"excerpt":{"rendered":"<p>Auteur : Riad O. jeudi 07 mars 2019 18:34 A en croire certains m\u00e9dias italiens, le nom du d\u00e9fenseur arri\u00e8re gauche de SPAL, Mohamed Far\u00e8s serait sur les tablettes de plusieurs clubs europ\u00e9ens. Le joueur Alg\u00e9rien \u00e9volue \u00e0 SPAL sous forme de pr\u00eat, lui qui est encore sous contrat avec l\u2019Hellas V\u00e9rone et dont la [&hellip;]<\/p>\n","protected":false},"author":1738,"featured_media":20197,"comment_status":"closed","ping_status":"closed","sticky":false,"template":"","format":"standard","meta":{"fifu_image_url":"","fifu_image_alt":"","footnotes":""},"categories":[53,75],"tags":[],"class_list":["post-20196","post","type-post","status-publish","format-standard","has-post-thumbnail","hentry","category-algerie","category-sport"],"_links":{"self":[{"href":"https:\/\/linitiative.ca\/International\/wp-json\/wp\/v2\/posts\/20196","targetHints":{"allow":["GET"]}}],"collection":[{"href":"https:\/\/linitiative.ca\/International\/wp-json\/wp\/v2\/posts"}],"about":[{"href":"https:\/\/linitiative.ca\/International\/wp-json\/wp\/v2\/types\/post"}],"author":[{"embeddable":true,"href":"https:\/\/linitiative.ca\/International\/wp-json\/wp\/v2\/users\/1738"}],"replies":[{"embeddable":true,"href":"https:\/\/linitiative.ca\/International\/wp-json\/wp\/v2\/comments?post=20196"}],"version-history":[{"count":0,"href":"https:\/\/linitiative.ca\/International\/wp-json\/wp\/v2\/posts\/20196\/revisions"}],"wp:featuredmedia":[{"embeddable":true,"href":"https:\/\/linitiative.ca\/International\/wp-json\/"}],"wp:attachment":[{"href":"https:\/\/linitiative.ca\/International\/wp-json\/wp\/v2\/media?parent=20196"}],"wp:term":[{"taxonomy":"category","embeddable":true,"href":"https:\/\/linitiative.ca\/International\/wp-json\/wp\/v2\/categories?post=20196"},{"taxonomy":"post_tag","embeddable":true,"href":"https:\/\/linitiative.ca\/International\/wp-json\/wp\/v2\/tags?post=20196"}],"curies":[{"name":"wp","href":"https:\/\/api.w.org\/{rel}","templated":true}]}}