{"id":20200,"date":"2019-03-07T15:14:10","date_gmt":"2019-03-07T20:14:10","guid":{"rendered":"https:\/\/linitiative.ca\/International\/international-real-madrid-le-gros-clash-entre-ramos-et-perez-dans-le-vestiaire\/"},"modified":"2019-03-07T15:14:10","modified_gmt":"2019-03-07T20:14:10","slug":"international-real-madrid-le-gros-clash-entre-ramos-et-perez-dans-le-vestiaire","status":"publish","type":"post","link":"https:\/\/linitiative.ca\/International\/international-real-madrid-le-gros-clash-entre-ramos-et-perez-dans-le-vestiaire\/","title":{"rendered":"International : Real Madrid: Le gros clash entre Ramos et Perez dans le vestiaire"},"content":{"rendered":"<div readability=\"32\">\n<p>Auteur : <span class=\"time\">jeudi 07 mars 2019 18:39<\/span><\/p>\n<\/div>\n<div id=\"post_core\" readability=\"53\">\n<p>Ambiance morose au Real Madrid. Elimin\u00e9 de la Ligue des champions, affect\u00e9 par les blessures de Vinicius, Dani Carjaval ou Lucas Vazquez, le club madril\u00e8ne semble au bord de la crise de nerfs. Le quotidien As relate une sc\u00e8ne qui illustre bien cette tension de tous les instants chez les Merengue. Tr\u00e8s remont\u00e9 apr\u00e8s cette \u00e9limination europ\u00e9enne pr\u00e9coce, le vestiaire du triple tenant du titre a mal re\u00e7u la le\u00e7on inflig\u00e9e par l\u2019Ajax au Santiago Bernabeau (4-1). Descendu dans le vestiaire pour sermonner ses ouailles, alors qu\u2019on lui pr\u00eate le d\u00e9sir de faire partir Santiago Solari pour replacer Jos\u00e9 Mourinho, Florentino P\u00e9rez n\u2019a lui pas m\u00e2ch\u00e9 ses mots. Mais le l\u00e9gendaire pr\u00e9sident madril\u00e8ne a trouv\u00e9 du r\u00e9pondant. Sergio Ramos, suspendu pour deux rencontres apr\u00e8s avoir re\u00e7u un carton jaune volontaire lors du match aller, n\u2019a pas aim\u00e9 un reproche de son pr\u00e9sident sur ce sujet. V\u00e9h\u00e9ment, il a point\u00e9 la mauvaise gestion du conseil d\u2019administration cette saison, reprochant \u00e0 demi-mots les d\u00e9parts de Zinedine Zidane et Cristiano Ronaldo l&rsquo;\u00e9t\u00e9 pass\u00e9, puis l\u2019absence de renforts dans la foul\u00e9e. Moins influent cette saison, Ramos aurait tout simplement menac\u00e9 de quitter le navire. \u00ab\u00a0Vous me payez et je m\u2019en vais\u00a0\u00bb, aurait l\u00e2ch\u00e9 le d\u00e9fenseur, en plein milieu d&rsquo;un vestiaire m\u00e9dus\u00e9. Le Real Madrid n&rsquo;a plus que la Liga \u00e0 disputer cette saison. Les partenaires de Sergio Ramos sont 3es, \u00e0 12 longueurs du leader barcelonais. Dans la capitale espagnole depuis 2005, Sergio Ramos (32 ans) n&rsquo;avait pas entretenu de grandes relations avec Jos\u00e9 Mourinho rapporte rmcsport.bfmtv.com.<\/p>\n<p><strong>Publi\u00e9 dans :<\/strong> <span>ramos<\/span> <span>P\u00e9rez<\/span><\/p>\n<\/div>\n<p>Auteur:<br \/>\n<a href=\"http:\/\/www.lebuteur.com\/article\/detail?titre=real-madrid-le-gros-clash-entre-ramos-et-perez-dans-le-vestiaire&#038;id=86955&#038;utm_source=feedburner&#038;utm_medium=feed&#038;utm_campaign=Feed%3A+GalerieFArtciles+%28Les+derniers+articles++-+lebuteur.com%29\">Cliquez ici pour lire l&rsquo;article depuis sa source.<\/a><\/p>\n","protected":false},"excerpt":{"rendered":"<p>Auteur : jeudi 07 mars 2019 18:39 Ambiance morose au Real Madrid. Elimin\u00e9 de la Ligue des champions, affect\u00e9 par les blessures de Vinicius, Dani Carjaval ou Lucas Vazquez, le club madril\u00e8ne semble au bord de la crise de nerfs. Le quotidien As relate une sc\u00e8ne qui illustre bien cette tension de tous les instants [&hellip;]<\/p>\n","protected":false},"author":1738,"featured_media":20201,"comment_status":"closed","ping_status":"closed","sticky":false,"template":"","format":"standard","meta":{"fifu_image_url":"","fifu_image_alt":"","footnotes":""},"categories":[53,75],"tags":[],"class_list":["post-20200","post","type-post","status-publish","format-standard","has-post-thumbnail","hentry","category-algerie","category-sport"],"_links":{"self":[{"href":"https:\/\/linitiative.ca\/International\/wp-json\/wp\/v2\/posts\/20200","targetHints":{"allow":["GET"]}}],"collection":[{"href":"https:\/\/linitiative.ca\/International\/wp-json\/wp\/v2\/posts"}],"about":[{"href":"https:\/\/linitiative.ca\/International\/wp-json\/wp\/v2\/types\/post"}],"author":[{"embeddable":true,"href":"https:\/\/linitiative.ca\/International\/wp-json\/wp\/v2\/users\/1738"}],"replies":[{"embeddable":true,"href":"https:\/\/linitiative.ca\/International\/wp-json\/wp\/v2\/comments?post=20200"}],"version-history":[{"count":0,"href":"https:\/\/linitiative.ca\/International\/wp-json\/wp\/v2\/posts\/20200\/revisions"}],"wp:featuredmedia":[{"embeddable":true,"href":"https:\/\/linitiative.ca\/International\/wp-json\/"}],"wp:attachment":[{"href":"https:\/\/linitiative.ca\/International\/wp-json\/wp\/v2\/media?parent=20200"}],"wp:term":[{"taxonomy":"category","embeddable":true,"href":"https:\/\/linitiative.ca\/International\/wp-json\/wp\/v2\/categories?post=20200"},{"taxonomy":"post_tag","embeddable":true,"href":"https:\/\/linitiative.ca\/International\/wp-json\/wp\/v2\/tags?post=20200"}],"curies":[{"name":"wp","href":"https:\/\/api.w.org\/{rel}","templated":true}]}}