{"id":20202,"date":"2019-03-07T15:14:11","date_gmt":"2019-03-07T20:14:11","guid":{"rendered":"https:\/\/linitiative.ca\/International\/international-as-roma-di-francesco-demis-de-ses-fonctions\/"},"modified":"2019-03-07T15:14:11","modified_gmt":"2019-03-07T20:14:11","slug":"international-as-roma-di-francesco-demis-de-ses-fonctions","status":"publish","type":"post","link":"https:\/\/linitiative.ca\/International\/international-as-roma-di-francesco-demis-de-ses-fonctions\/","title":{"rendered":"International : AS Roma : Di Francesco d\u00e9mis de ses fonctions"},"content":{"rendered":"<div readability=\"32\">\n<p>Auteur : <span class=\"time\">jeudi 07 mars 2019 19:15<\/span><\/p>\n<\/div>\n<div id=\"post_core\" readability=\"49\">\n<p>L\u2019entra\u00eeneur italien, demi-finaliste de C1 la saison pass\u00e9e, paie les mauvais r\u00e9sultats cette saison, notamment l\u2019\u00e9limination en 8e de finale de Ligue des Champions contre le FC Porto.<\/p>\n<p>Le m\u00e9dia italien Sky Sport avance que, pour le remplacer, les Giallorossi, un temps annonc\u00e9s sur les traces de Paulo Sousa (qui rejoindra finalement les Girondins de Bordeaux), songeraient \u00e0 Claudio Ranieri. Libre depuis une semaine et la fin de son aventure \u00e0 Fulham, le Transalpin pourrait faire son retour au sein du club de la Louve, qu\u2019il a d\u00e9j\u00e0 coach\u00e9 entre 2009 et 2011 rapporte Footmercato.net.<\/p>\n<p><strong>Publi\u00e9 dans :<\/strong> <span>AS Roma<\/span> <span>Eusebio Di Francesco.<\/span><\/p>\n<\/div>\n<p>Auteur:<br \/>\n<a href=\"http:\/\/www.lebuteur.com\/article\/detail?titre=as-roma-di-francesco-demis-de-ses-fonctions&#038;id=86956&#038;utm_source=feedburner&#038;utm_medium=feed&#038;utm_campaign=Feed%3A+GalerieFArtciles+%28Les+derniers+articles++-+lebuteur.com%29\">Cliquez ici pour lire l&rsquo;article depuis sa source.<\/a><\/p>\n","protected":false},"excerpt":{"rendered":"<p>Auteur : jeudi 07 mars 2019 19:15 L\u2019entra\u00eeneur italien, demi-finaliste de C1 la saison pass\u00e9e, paie les mauvais r\u00e9sultats cette saison, notamment l\u2019\u00e9limination en 8e de finale de Ligue des Champions contre le FC Porto. Le m\u00e9dia italien Sky Sport avance que, pour le remplacer, les Giallorossi, un temps annonc\u00e9s sur les traces de Paulo [&hellip;]<\/p>\n","protected":false},"author":1738,"featured_media":20203,"comment_status":"closed","ping_status":"closed","sticky":false,"template":"","format":"standard","meta":{"fifu_image_url":"","fifu_image_alt":"","footnotes":""},"categories":[53,75],"tags":[],"class_list":["post-20202","post","type-post","status-publish","format-standard","has-post-thumbnail","hentry","category-algerie","category-sport"],"_links":{"self":[{"href":"https:\/\/linitiative.ca\/International\/wp-json\/wp\/v2\/posts\/20202","targetHints":{"allow":["GET"]}}],"collection":[{"href":"https:\/\/linitiative.ca\/International\/wp-json\/wp\/v2\/posts"}],"about":[{"href":"https:\/\/linitiative.ca\/International\/wp-json\/wp\/v2\/types\/post"}],"author":[{"embeddable":true,"href":"https:\/\/linitiative.ca\/International\/wp-json\/wp\/v2\/users\/1738"}],"replies":[{"embeddable":true,"href":"https:\/\/linitiative.ca\/International\/wp-json\/wp\/v2\/comments?post=20202"}],"version-history":[{"count":0,"href":"https:\/\/linitiative.ca\/International\/wp-json\/wp\/v2\/posts\/20202\/revisions"}],"wp:featuredmedia":[{"embeddable":true,"href":"https:\/\/linitiative.ca\/International\/wp-json\/"}],"wp:attachment":[{"href":"https:\/\/linitiative.ca\/International\/wp-json\/wp\/v2\/media?parent=20202"}],"wp:term":[{"taxonomy":"category","embeddable":true,"href":"https:\/\/linitiative.ca\/International\/wp-json\/wp\/v2\/categories?post=20202"},{"taxonomy":"post_tag","embeddable":true,"href":"https:\/\/linitiative.ca\/International\/wp-json\/wp\/v2\/tags?post=20202"}],"curies":[{"name":"wp","href":"https:\/\/api.w.org\/{rel}","templated":true}]}}