{"id":20204,"date":"2019-03-06T18:00:00","date_gmt":"2019-03-06T23:00:00","guid":{"rendered":"https:\/\/linitiative.ca\/International\/exposition-heritages-culturels-immateriels-dafrique-28-pays-y-participent\/"},"modified":"2019-03-06T18:00:00","modified_gmt":"2019-03-06T23:00:00","slug":"exposition-heritages-culturels-immateriels-dafrique-28-pays-y-participent","status":"publish","type":"post","link":"https:\/\/linitiative.ca\/International\/exposition-heritages-culturels-immateriels-dafrique-28-pays-y-participent\/","title":{"rendered":"Exposition \u00abH\u00e9ritages culturels :  immat\u00e9riels d&rsquo;Afrique\u00bb 28 pays y participent"},"content":{"rendered":"<p><strong>Le Palais de la culture Moufdi-Zakaria accueille, depuis mardi dernier,\u00a0 une exposition baptis\u00e9e H\u00e9ritages culturels immat\u00e9riels d\u2019Afrique, un \u00e9v\u00e9nement centr\u00e9 sur les \u00e9l\u00e9ments du patrimoine immat\u00e9riel d\u00e9j\u00e0 class\u00e9s par 27 pays du continent sur les listes du l\u2019Unesco.<\/strong><\/p>\n<p>Le vernissage de cette exposition a \u00e9t\u00e9 pr\u00e9sid\u00e9 par le ministre de la Culture, Azzedine Mihoubi, aux c\u00f4t\u00e9s du directeur g\u00e9n\u00e9ral du Centre pour la sauvegarde du patrimoine culturel immat\u00e9riel en Afrique (Crespiaf), Slimane Hachi et de repr\u00e9sentants des cinq r\u00e9gions d\u2019Afrique.<br \/>Cette exposition, qui se tiendra jusqu\u2019au 22 juillet prochain, se pr\u00e9sente sous la forme d\u2019une s\u00e9rie d\u2019illustrations de grand format, et pr\u00e9sente un \u00e9l\u00e9ment embl\u00e9matique par pays. Pas moins de vingt-huit pays participent \u00e0 ce rendez-vous d\u2019envergure internationale dont l\u2019objectif \u00e9tant que les visiteurs prennent connaissance des h\u00e9ritages culturels africains relevant des diff\u00e9rents domaines du patrimoine immat\u00e9riel : traditions et expressions orales, art du spectacle, pratiques sociales, rituels, \u00e9v\u00e9nements festifs, connaissances et pratiques li\u00e9es \u00e0 la nature et \u00e0 l\u2019univers, savoir et savoir-faire.<br \/>Cette exposition, accessible au public jusqu\u2019au mois de juillet prochain, co\u00efncide avec l\u2019organisation de la premi\u00e8re r\u00e9union du Conseil d\u2019administration du Centre r\u00e9gional d\u2019Alger pour la sauvegarde du patrimoine culturel immat\u00e9riel en Alg\u00e9rie, la septi\u00e8me structure du genre au niveau mondial.\u00a0 Lors de cette rencontre, le ministre de la Culture, Azzedine Mihoubi, a rappel\u00e9 que l\u2019Alg\u00e9rie, \u00e9tait un des premiers pays \u00e0 avoir approuv\u00e9 la convention de l\u2019Unesco en 2003 relative au patrimoine culturel immat\u00e9riel. \u00abL\u2019Alg\u00e9rie a mis en place des m\u00e9canismes pour la protection du patrimoine\u00bb, a-t-il soulign\u00e9, ajoutant que l\u2019Alg\u00e9rie est toujours pr\u00e9sente \u00e0 toutes les manifestations organis\u00e9e par l\u2019unesco et ce pour montrer sa volont\u00e9 de pr\u00e9senter son exp\u00e9rience en la mati\u00e8re et s\u2019enqu\u00e9rir des exp\u00e9riences des autres pays. Dans le m\u00eame ordre d\u2019id\u00e9es, le ministre de la Culture a, en outre, fait savoir que \u00abl\u2019Alg\u00e9rie est tr\u00e8s honor\u00e9e d\u2019\u00eatre la capitale du patrimoine culturel immat\u00e9riel africain\u00bb. De son c\u00f4t\u00e9 et dans une d\u00e9claration \u00e0 El Moudjahid en marge de ce vernissage, M. Slimane Hachi a soutenu que \u00abla pr\u00e9sente exposition a retenu de pr\u00e9senter un \u00e9l\u00e9ment embl\u00e9matique par pays, de sorte qu\u2019\u00e0 l\u2019issue de la visite on ait pris connaissance des h\u00e9ritages culturels africains relevant des diff\u00e9rents domaines du patrimoine immat\u00e9riel \u2008: traditions et expressions orales, art du spectacle,\u00a0 pratiques sociales, rituels, \u00e9v\u00e9nements festifs, connaissances et pratiques li\u00e9es \u00e0 la nature et \u00e0 l\u2019univers, savoir et savoir-faire\u00bb, a-t-il d\u00e9velopp\u00e9. Il a, par ailleurs, affirm\u00e9 qu\u2019\u00abaujourd\u2019hui, 177 Etats ont ratifi\u00e9 la Convention portant sur la sauvegarde du patrimoine culturel immat\u00e9riel de l\u2019Unesco. L\u2019Alg\u00e9rie a ratifi\u00e9 cette convention comme premier Etat au monde, ce qui est extraordinaire, car c\u2019est un immense honneur pour nous de parler de cette convention\u00bb.<br \/>A propos des centres r\u00e9gionaux pour la sauvegarde du patrimoine culturel immat\u00e9riel, il pr\u00e9cisera que l\u2019Unesco a cr\u00e9\u00e9 sept centres dans le monde, en Chine, au Japon, en Cor\u00e9e du Sud, en Iran, en Bulgarie pour l\u2019Europe et un autre au P\u00e9rou qui s\u2019occupe de l\u2019Am\u00e9rique Latine, en ajoutant que : \u00abLe dernier-n\u00e9 de ces centres est le n\u00f4tre qui va s\u2019occuper du continent africain\u00bb. On pourra s&rsquo;\u00e9merveiller devant tous ces tr\u00e9sors immat\u00e9riels du continent africain. Cette exposition qui se d\u00e9roulera durant\u00a0 trois mois exposera tous ces h\u00e9ritages sous forme de panneaux photographiques de grande dimension de chacun des \u00e9l\u00e9ments inscrits soutenus par des textes explicatifs, des enregistrements audio d\u00e9livr\u00e9s par des audio-guides et des films-documentaires de 10 minutes consacr\u00e9s \u00e0 chaque \u00e9l\u00e9ment culturel. Tous les \u00e9l\u00e9ments d&rsquo;informations sont issus de sources documentaires de l&rsquo;Unesco et sont d\u00e9clin\u00e9s dans trois langues, arabe, fran\u00e7ais et anglais.\u00a0\u00a0<br \/><strong>Sihem Oubraham<\/strong><br \/>\u00a0<\/p>\n<p>Auteur: elmoudjahid<br \/>\n<a href=\"http:\/\/www.elmoudjahid.com\/fr\/actualites\/134516\">Cliquez ici pour lire l&rsquo;article depuis sa source.<\/a><\/p>\n","protected":false},"excerpt":{"rendered":"<p>Le Palais de la culture Moufdi-Zakaria accueille, depuis mardi dernier,\u00a0 une exposition baptis\u00e9e H\u00e9ritages culturels immat\u00e9riels d\u2019Afrique, un \u00e9v\u00e9nement centr\u00e9 sur les \u00e9l\u00e9ments du patrimoine immat\u00e9riel d\u00e9j\u00e0 class\u00e9s par 27 pays du continent sur les listes du l\u2019Unesco. Le vernissage de cette exposition a \u00e9t\u00e9 pr\u00e9sid\u00e9 par le ministre de la Culture, Azzedine Mihoubi, aux [&hellip;]<\/p>\n","protected":false},"author":1744,"featured_media":0,"comment_status":"closed","ping_status":"closed","sticky":false,"template":"","format":"standard","meta":{"fifu_image_url":"","fifu_image_alt":"","footnotes":""},"categories":[73,53],"tags":[],"class_list":["post-20204","post","type-post","status-publish","format-standard","hentry","category-actualite","category-algerie"],"_links":{"self":[{"href":"https:\/\/linitiative.ca\/International\/wp-json\/wp\/v2\/posts\/20204","targetHints":{"allow":["GET"]}}],"collection":[{"href":"https:\/\/linitiative.ca\/International\/wp-json\/wp\/v2\/posts"}],"about":[{"href":"https:\/\/linitiative.ca\/International\/wp-json\/wp\/v2\/types\/post"}],"author":[{"embeddable":true,"href":"https:\/\/linitiative.ca\/International\/wp-json\/wp\/v2\/users\/1744"}],"replies":[{"embeddable":true,"href":"https:\/\/linitiative.ca\/International\/wp-json\/wp\/v2\/comments?post=20204"}],"version-history":[{"count":0,"href":"https:\/\/linitiative.ca\/International\/wp-json\/wp\/v2\/posts\/20204\/revisions"}],"wp:attachment":[{"href":"https:\/\/linitiative.ca\/International\/wp-json\/wp\/v2\/media?parent=20204"}],"wp:term":[{"taxonomy":"category","embeddable":true,"href":"https:\/\/linitiative.ca\/International\/wp-json\/wp\/v2\/categories?post=20204"},{"taxonomy":"post_tag","embeddable":true,"href":"https:\/\/linitiative.ca\/International\/wp-json\/wp\/v2\/tags?post=20204"}],"curies":[{"name":"wp","href":"https:\/\/api.w.org\/{rel}","templated":true}]}}