{"id":20205,"date":"2019-03-06T18:00:00","date_gmt":"2019-03-06T23:00:00","guid":{"rendered":"https:\/\/linitiative.ca\/International\/m-bensalah-recoit-le-ministre-roumain-des-relations-avec-le-parlement-promouvoir-les-relations-bilaterales\/"},"modified":"2019-03-06T18:00:00","modified_gmt":"2019-03-06T23:00:00","slug":"m-bensalah-recoit-le-ministre-roumain-des-relations-avec-le-parlement-promouvoir-les-relations-bilaterales","status":"publish","type":"post","link":"https:\/\/linitiative.ca\/International\/m-bensalah-recoit-le-ministre-roumain-des-relations-avec-le-parlement-promouvoir-les-relations-bilaterales\/","title":{"rendered":"M. Bensalah re\u00e7oit le ministre roumain des relations avec le Parlement : Promouvoir les relations bilat\u00e9rales"},"content":{"rendered":"<p>Le pr\u00e9sident du Conseil de la nation, Abdelkader Bensalah, a re\u00e7u hier \u00e0 Alger, le ministre roumain des Relations avec le Parlement, M. Viorel Ilie, avec lequel il a pass\u00e9 en revue les relations bilat\u00e9rales, notamment les questions li\u00e9es \u00e0 la s\u00e9curit\u00e9 et \u00e0 la stabilit\u00e9 dans la r\u00e9gion de la M\u00e9diterran\u00e9e.<br \/>La rencontre qui s&rsquo;est d\u00e9roul\u00e9e en pr\u00e9sence du ministre des Relations avec le parlement, Mahdjoub Bedda, et de l&rsquo;ambassadeur de Roumanie , Marcel Alexandru, a permis de passer en revue \u00ab\u00a0les relations bilat\u00e9rales dans divers domaines et les moyens de les promouvoir, au service des int\u00e9r\u00eats des deux peuples et pays\u00a0\u00bb.\u00a0 A cette occasion, M. Bensalah a exprim\u00e9 \u00ab\u00a0la disponibilit\u00e9 de l&rsquo;Alg\u00e9rie \u00e0 donner un nouveau souffle aux relations entre les deux pays et \u00e0 les promouvoir pour atteindre le niveau de qualit\u00e9 qui les marquait pendant la guerre de lib\u00e9ration nationale\u00a0\u00bb, notamment au vu de la volont\u00e9 politique qui anime \u00ab\u00a0les dirigeants et gouvernements des deux pays\u00a0\u00bb. Les deux parties ont \u00e9voqu\u00e9 \u00ab\u00a0les questions d&rsquo;int\u00e9r\u00eat commun, en particulier celles de la s\u00e9curit\u00e9 et de la stabilit\u00e9 en M\u00e9diterran\u00e9e\u00a0\u00bb. A cet effet, le ministre roumain, dont le pays assure la pr\u00e9sidence tournante de l&rsquo;Union europ\u00e9enne a salu\u00e9 \u00ab\u00a0le r\u00f4le de l&rsquo;Alg\u00e9rie dans l&rsquo;instauration de la paix et de la stabilit\u00e9 dans la r\u00e9gion de la M\u00e9diterran\u00e9e\u00a0\u00bb. Au plan parlementaire, les deux parties ont r\u00e9it\u00e9r\u00e9 \u00ab\u00a0leur disponibilit\u00e9 \u00e0 augmenter le rythme d&rsquo;\u00e9change de d\u00e9l\u00e9gations et de visites pour accompagner les efforts consentis en mati\u00e8re de diversification des \u00e9changes \u00e9conomiques et commerciaux entre les deux pays\u00a0\u00bb.<\/p>\n<p><strong>M. Bouchareb\u00a0 s\u2019entretient avec M.Ilie Viorel<\/strong><\/p>\n<p>Le pr\u00e9sident de l&rsquo;Assembl\u00e9e populaire nationale, Mouad Bouchareb a pass\u00e9 en revue, hier, avec M. Ilie Viorel, les voies du renforcement de la coop\u00e9ration parlementaire, \u00e0 travers la dynamisation du r\u00f4le des groupes d&rsquo;amiti\u00e9 et l&rsquo;\u00e9change de visites et de d\u00e9l\u00e9gations. Lors de cette rencontre \u00e0 laquelle a pris part le ministre des Relations avec le Parlement, Mahdjoub Bedda, les deux parties ont \u00e9voqu\u00e9 \u00ab\u00a0l&rsquo;\u00e9tat des relations liant les deux pays depuis la guerre de lib\u00e9ration et leur d\u00e9veloppement, notamment apr\u00e8s les visites intenses \u00e9chang\u00e9es par les responsables des deux pays aux plus hauts niveaux\u00a0\u00bb.<br \/>\u00a0Ils ont mis l&rsquo;accent sur \u00ab\u00a0la n\u00e9cessit\u00e9 de relancer la coop\u00e9ration parlementaire \u00e0 la faveur de la dynamisation du r\u00f4le des deux groupes d&rsquo;amiti\u00e9 et de l&rsquo;\u00e9change de visites et de d\u00e9l\u00e9gations\u00a0\u00bb. M. Bouchareb a donn\u00e9 un aper\u00e7u sur la composante de l&rsquo;APN, passant en revue \u00ab\u00a0un aspect des r\u00e9formes initi\u00e9es par le pr\u00e9sident de la R\u00e9publique, Abdelaziz Bouteflika, particuli\u00e8rement \u00ab\u00a0les amendements de la Constitution ayant \u00e9rig\u00e9 l&rsquo;Alg\u00e9rie en tribune de d\u00e9mocratie et de libert\u00e9 d&rsquo;expression\u00a0\u00bb. Par ailleurs, le pr\u00e9sident de la chambre basse du Parlement a r\u00e9it\u00e9r\u00e9 l&rsquo;attachement de l&rsquo;Alg\u00e9rie \u00e0 sa position qui rejette toute ing\u00e9rence dans les affaires internes des pays et pr\u00f4ne le dialogue pour le r\u00e8glement des crises\u00a0\u00bb, affirmant \u00ab\u00a0l&rsquo;engagement de l&rsquo;Alg\u00e9rie au respect de la l\u00e9galit\u00e9 internationale, notamment en ce qui concerne les questions d&rsquo;autod\u00e9termination, notamment des peuples palestinien et sahraoui\u00a0\u00bb.<br \/>Evoquant la situation dans la r\u00e9gion du Sahel, M. Bouchareb a mis en exergue \u00ab\u00a0les efforts de l&rsquo;Alg\u00e9rie en vue de trouver des solutions pacifiques aux crises au Mali et en Libye et son r\u00f4le dans la lutte contre l&rsquo;extr\u00e9misme, \u00e0 travers la politique de r\u00e9conciliation nationale, sa d\u00e9termination \u00e0 tarir les sources de financement du terrorisme et l&rsquo;interdiction de paiement des ran\u00e7ons\u00a0\u00bb. De son c\u00f4t\u00e9, le ministre roumain a salu\u00e9 \u00ab\u00a0les bonnes relations qui lient les deux pays\u00a0\u00bb, mettant en exergue \u00ab\u00a0le r\u00f4le central que joue l&rsquo;Alg\u00e9rie dans l&rsquo;ancrage des facteurs de paix et de stabilit\u00e9 dans son entourage g\u00e9opolitique\u00a0\u00bb. Il a \u00e9galement appel\u00e9 \u00e0 \u00ab\u00a0chercher davantage de voies pour renforcer la coop\u00e9ration bilat\u00e9rale dans tous les domaines, notamment \u00e0 travers l&rsquo;\u00e9change de visites et d&rsquo;expertises\u00a0\u00bb.<\/p>\n<p>Auteur: elmoudjahid<br \/>\n<a href=\"http:\/\/www.elmoudjahid.com\/fr\/actualites\/134517\">Cliquez ici pour lire l&rsquo;article depuis sa source.<\/a><\/p>\n","protected":false},"excerpt":{"rendered":"<p>Le pr\u00e9sident du Conseil de la nation, Abdelkader Bensalah, a re\u00e7u hier \u00e0 Alger, le ministre roumain des Relations avec le Parlement, M. Viorel Ilie, avec lequel il a pass\u00e9 en revue les relations bilat\u00e9rales, notamment les questions li\u00e9es \u00e0 la s\u00e9curit\u00e9 et \u00e0 la stabilit\u00e9 dans la r\u00e9gion de la M\u00e9diterran\u00e9e.La rencontre qui s&rsquo;est [&hellip;]<\/p>\n","protected":false},"author":1744,"featured_media":0,"comment_status":"closed","ping_status":"closed","sticky":false,"template":"","format":"standard","meta":{"fifu_image_url":"","fifu_image_alt":"","footnotes":""},"categories":[73,53],"tags":[],"class_list":["post-20205","post","type-post","status-publish","format-standard","hentry","category-actualite","category-algerie"],"_links":{"self":[{"href":"https:\/\/linitiative.ca\/International\/wp-json\/wp\/v2\/posts\/20205","targetHints":{"allow":["GET"]}}],"collection":[{"href":"https:\/\/linitiative.ca\/International\/wp-json\/wp\/v2\/posts"}],"about":[{"href":"https:\/\/linitiative.ca\/International\/wp-json\/wp\/v2\/types\/post"}],"author":[{"embeddable":true,"href":"https:\/\/linitiative.ca\/International\/wp-json\/wp\/v2\/users\/1744"}],"replies":[{"embeddable":true,"href":"https:\/\/linitiative.ca\/International\/wp-json\/wp\/v2\/comments?post=20205"}],"version-history":[{"count":0,"href":"https:\/\/linitiative.ca\/International\/wp-json\/wp\/v2\/posts\/20205\/revisions"}],"wp:attachment":[{"href":"https:\/\/linitiative.ca\/International\/wp-json\/wp\/v2\/media?parent=20205"}],"wp:term":[{"taxonomy":"category","embeddable":true,"href":"https:\/\/linitiative.ca\/International\/wp-json\/wp\/v2\/categories?post=20205"},{"taxonomy":"post_tag","embeddable":true,"href":"https:\/\/linitiative.ca\/International\/wp-json\/wp\/v2\/tags?post=20205"}],"curies":[{"name":"wp","href":"https:\/\/api.w.org\/{rel}","templated":true}]}}