{"id":20206,"date":"2019-03-06T18:00:00","date_gmt":"2019-03-06T23:00:00","guid":{"rendered":"https:\/\/linitiative.ca\/International\/m-gaid-salah-a-lacademie-militaire-de-cherchell-lanp-restera-le-gardien-loyal-des-interets-supremes-de-la-patrie\/"},"modified":"2019-03-06T18:00:00","modified_gmt":"2019-03-06T23:00:00","slug":"m-gaid-salah-a-lacademie-militaire-de-cherchell-lanp-restera-le-gardien-loyal-des-interets-supremes-de-la-patrie","status":"publish","type":"post","link":"https:\/\/linitiative.ca\/International\/m-gaid-salah-a-lacademie-militaire-de-cherchell-lanp-restera-le-gardien-loyal-des-interets-supremes-de-la-patrie\/","title":{"rendered":"M. Ga\u00efd Salah \u00e0 l&rsquo;Acad\u00e9mie militaire de Cherchell : L&rsquo;ANP restera le gardien loyal des int\u00e9r\u00eats supr\u00eames de la patrie"},"content":{"rendered":"<p><strong>L&rsquo;Arm\u00e9e nationale populaire (ANP) \u00abrestera toujours le gardien loyal des int\u00e9r\u00eats supr\u00eames de la patrie\u00bb dans le respect de la Constitution et des lois de la R\u00e9publique, a affirm\u00e9 le g\u00e9n\u00e9ral de Corps d&rsquo;Arm\u00e9e, Ahmed Ga\u00efd Salah, vice-ministre de la D\u00e9fense nationale, chef d\u2019Etat-major de l&rsquo;ANP, lors d&rsquo;une visite de travail et d&rsquo;inspection \u00e0 l&rsquo;Acad\u00e9mie militaire de Cherchell.<\/strong><\/p>\n<p>\u00abSoyez s\u00fbrs que l&rsquo;ANP\u00a0 consciente des probl\u00e8mes s\u00e9curitaires que connaissent certains pays de notre environnement g\u00e9ographique proche et lointain, conna\u00eet pertinemment les dessous et les dimensions de tout ce qui se passe autour de nous avec tout ce que cela repr\u00e9sente comme risques et menaces sur notre pays qui demeure cibl\u00e9 par ses ennemis, et tant envi\u00e9 pour le bienfait de la s\u00e9curit\u00e9 dont jouit son peuple. Cette conscience au sein de l&rsquo;ANP fait d&rsquo;elle une Arm\u00e9e \u00e9veill\u00e9e et vigilante.<br \/>\u00a0Une Arm\u00e9e qui restera toujours le gardien loyal des int\u00e9r\u00eats supr\u00eames de la patrie conform\u00e9ment \u00e0 la Constitution et aux lois de la R\u00e9publique\u00bb, a-t-il d\u00e9clar\u00e9 mardi lors d&rsquo;une rencontre tenue \u00e0 l&rsquo;Acad\u00e9mie militaire de Cherchell \u00able d\u00e9funt Pr\u00e9sident Houari Boumediene\u00bb. Ga\u00efd Salah a soutenu, dans son allocution prononc\u00e9e devant les cadres et les stagiaires de l&rsquo;Acad\u00e9mie, que l&rsquo;arm\u00e9e alg\u00e9rienne \u00absaura, gr\u00e2ce \u00e0 l&rsquo;aide d&rsquo;Allah, \u00eatre \u00e0 la hauteur de la responsabilit\u00e9 qu&rsquo;elle est appel\u00e9e \u00e0 assumer dans toutes les conditions et les circonstances\u00bb, soulignant que \u00abtout le monde sait que l&rsquo;Alg\u00e9rie est forte avec son peuple et s\u00fbre avec son Arm\u00e9e\u00bb. Le vice-ministre de la D\u00e9fense nationale a rappel\u00e9, \u00e0 l&rsquo;occasion, les engagements de l&rsquo;ANP et son enti\u00e8re disposition \u00e0 r\u00e9unir les conditions de s\u00e9curit\u00e9 qui permettront au peuple alg\u00e9rien de s&rsquo;acquitter de son devoir et exercer son droit \u00e9lectoral dans un climat de s\u00e9curit\u00e9 et de qui\u00e9tude. \u00abL&rsquo;Alg\u00e9rie s&rsquo;appr\u00eate \u00e0 accueillir une importante \u00e9ch\u00e9ance nationale et tout le monde sait qu&rsquo;au sein de l&rsquo;ANP et de l&rsquo;ensemble des autres corps de s\u00e9curit\u00e9, nous sommes r\u00e9solument engag\u00e9s \u00e0 garantir \u00e0 l&rsquo;Alg\u00e9rie et \u00e0 cet \u00e9v\u00e9nement toutes les conditions de s\u00e9curit\u00e9 n\u00e9cessaires afin de permettre \u00e0 notre peuple d&rsquo;exercer son droit et son devoir de vote dans un climat de s\u00e9r\u00e9nit\u00e9, de qui\u00e9tude et de stabilit\u00e9\u00bb, a-t-il encore affirm\u00e9, estimant que \u00abtelle est la lourde responsabilit\u00e9 nationale que tout un chacun devra assumer\u00bb.<br \/>Par ailleurs, lors de cette rencontre tenue en compagnie du g\u00e9n\u00e9ral-major Sa\u00efd Chengriha, Commandant des Forces terrestres, du G\u00e9n\u00e9ral-Major Ali Sidane, Commandant de la 1re R\u00e9gion militaire et du g\u00e9n\u00e9ral-major Belkacem Bouafia, commandant de l\u2019Acad\u00e9mie, Ga\u00efd Salah a mis l&rsquo;accent, sur la grande importance qu&rsquo;accorde le Haut commandement de l&rsquo;ANP au syst\u00e8me de formation en g\u00e9n\u00e9ral et \u00e0 l&rsquo;Acad\u00e9mie militaire de Cherchell en particulier. Le g\u00e9n\u00e9ral de Corps d\u2019Arm\u00e9e a rappel\u00e9, \u00e0 ce titre, les efforts fournis, sans cesse, pour le d\u00e9veloppement de toutes les composantes de l&rsquo;ANP, mettant l&rsquo;accent sur \u00able lien fort entre le peuple et son Arm\u00e9e qui ne cesse de se raffermir jour apr\u00e8s jour\u00bb. Il a soulign\u00e9 \u00e9galement que \u00abtous les pas ambitieux de d\u00e9veloppement franchis par nos Forces arm\u00e9es font partie int\u00e9grante des ambitions de notre peuple\u00bb. \u00abAu regard de cette lourde responsabilit\u00e9 qui lui est assign\u00e9e, et tenant compte des imp\u00e9ratifs de l&rsquo;accomplissement des nobles missions qui lui incombent, vous devez \u00eatre conscients, voire fiers que l&rsquo;ANP, digne h\u00e9riti\u00e8re de l&rsquo;Arm\u00e9e de lib\u00e9ration nationale, poursuivra le processus de d\u00e9veloppement du corps de bataille, et \u0153uvrera inlassablement et sans r\u00e9pit \u00e0 organiser ses diff\u00e9rentes composantes et \u00e0 promouvoir ses capacit\u00e9s humaines et mat\u00e9rielles, pour constituer ainsi un syst\u00e8me, dont les composantes sont compl\u00e9mentaires, coh\u00e9rentes et aux actions coordonn\u00e9es, afin que le peuple alg\u00e9rien puisse s&rsquo;enorgueillir de ses fils dans l&rsquo;ANP et compter sur eux\u00bb, a-t-il martel\u00e9. Notre Arm\u00e9e, a-t-il poursuivi, \u00abpourra \u00e0 son tour louer l&rsquo;abondance des liens de fraternit\u00e9 et de solidarit\u00e9 sinc\u00e8res, qui ne cessent de se renforcer avec son peuple, il s&rsquo;agit l\u00e0 de marques distingu\u00e9es refl\u00e9tant la solidit\u00e9 du lien entre le peuple alg\u00e9rien et son Arm\u00e9e\u00bb. Le vice-ministre de la D\u00e9fense nationale s&rsquo;est f\u00e9licit\u00e9, \u00e0 l&rsquo;occasion, de \u00abces liens nobles et sinc\u00e8res avec le peuple, auquel nous exprimons en tant que militaires, toute notre reconnaissance et gratitude\u00bb. \u00abCes liens nous motivent davantage \u00e0 aller de l&rsquo;avant avec d\u00e9termination et pers\u00e9v\u00e9rance afin de perp\u00e9tuer le message de Novembre, et pr\u00e9server le legs des valeureux chouhada, \u00e0 qui nous devons rendre hommage et honorer le serment de ceux qui, hier, ont arrach\u00e9 la libert\u00e9 de leur patrie au prix de leurs vies, et de ceux qui ont fait offrande de leurs \u00e2mes et sang pour la stabilit\u00e9 et la s\u00e9curit\u00e9 de l&rsquo;Alg\u00e9rie en r\u00e9pondant \u00e0 l&rsquo;appel du devoir national\u00bb, a-t-il encore affirm\u00e9.<br \/>\u00a0<\/p>\n<p>Auteur: elmoudjahid<br \/>\n<a href=\"http:\/\/www.elmoudjahid.com\/fr\/actualites\/134518\">Cliquez ici pour lire l&rsquo;article depuis sa source.<\/a><\/p>\n","protected":false},"excerpt":{"rendered":"<p>L&rsquo;Arm\u00e9e nationale populaire (ANP) \u00abrestera toujours le gardien loyal des int\u00e9r\u00eats supr\u00eames de la patrie\u00bb dans le respect de la Constitution et des lois de la R\u00e9publique, a affirm\u00e9 le g\u00e9n\u00e9ral de Corps d&rsquo;Arm\u00e9e, Ahmed Ga\u00efd Salah, vice-ministre de la D\u00e9fense nationale, chef d\u2019Etat-major de l&rsquo;ANP, lors d&rsquo;une visite de travail et d&rsquo;inspection \u00e0 l&rsquo;Acad\u00e9mie [&hellip;]<\/p>\n","protected":false},"author":1744,"featured_media":0,"comment_status":"closed","ping_status":"closed","sticky":false,"template":"","format":"standard","meta":{"fifu_image_url":"","fifu_image_alt":"","footnotes":""},"categories":[73,53],"tags":[],"class_list":["post-20206","post","type-post","status-publish","format-standard","hentry","category-actualite","category-algerie"],"_links":{"self":[{"href":"https:\/\/linitiative.ca\/International\/wp-json\/wp\/v2\/posts\/20206","targetHints":{"allow":["GET"]}}],"collection":[{"href":"https:\/\/linitiative.ca\/International\/wp-json\/wp\/v2\/posts"}],"about":[{"href":"https:\/\/linitiative.ca\/International\/wp-json\/wp\/v2\/types\/post"}],"author":[{"embeddable":true,"href":"https:\/\/linitiative.ca\/International\/wp-json\/wp\/v2\/users\/1744"}],"replies":[{"embeddable":true,"href":"https:\/\/linitiative.ca\/International\/wp-json\/wp\/v2\/comments?post=20206"}],"version-history":[{"count":0,"href":"https:\/\/linitiative.ca\/International\/wp-json\/wp\/v2\/posts\/20206\/revisions"}],"wp:attachment":[{"href":"https:\/\/linitiative.ca\/International\/wp-json\/wp\/v2\/media?parent=20206"}],"wp:term":[{"taxonomy":"category","embeddable":true,"href":"https:\/\/linitiative.ca\/International\/wp-json\/wp\/v2\/categories?post=20206"},{"taxonomy":"post_tag","embeddable":true,"href":"https:\/\/linitiative.ca\/International\/wp-json\/wp\/v2\/tags?post=20206"}],"curies":[{"name":"wp","href":"https:\/\/api.w.org\/{rel}","templated":true}]}}