{"id":20208,"date":"2019-03-06T18:00:00","date_gmt":"2019-03-06T23:00:00","guid":{"rendered":"https:\/\/linitiative.ca\/International\/le-mae-francais-pas-dingerence\/"},"modified":"2019-03-06T18:00:00","modified_gmt":"2019-03-06T23:00:00","slug":"le-mae-francais-pas-dingerence","status":"publish","type":"post","link":"https:\/\/linitiative.ca\/International\/le-mae-francais-pas-dingerence\/","title":{"rendered":"Le MAE fran\u00e7ais   : pas d\u2019Ing\u00e9rence"},"content":{"rendered":"<p>Le ministre de l\u2019Europe et des Affaires \u00e9trang\u00e8res, Jean-Yves Le Drian, a affirm\u00e9 hier, \u00e0 Paris, que la France doit laisser le processus \u00e9lectoral alg\u00e9rien se d\u00e9rouler, soutenant que l\u2019Alg\u00e9rie est un pays \u00absouverain\u00bb dont la stabilit\u00e9 est \u00abessentielle\u00bb. \u00abNous devons laisser le processus \u00e9lectoral se d\u00e9rouler\u00bb, a-t-il d\u00e9clar\u00e9 au sujet des manifestations populaires et l\u2019\u00e9lection pr\u00e9sidentielle en Alg\u00e9rie devant les d\u00e9put\u00e9s lors des questions d\u2019actualit\u00e9 \u00e0 l\u2019Assembl\u00e9e nationale. Il a rappel\u00e9 que la France, \u00aben raison de nos liens historiques\u00bb, est \u00abtr\u00e8s attentive au d\u00e9roul\u00e9 de cette \u00e9ch\u00e9ance majeure\u00bb, \u00e9voquant \u00abtrois principes\u00bb. \u00abL\u2019Alg\u00e9rie est un pays souverain et c\u2019est au peuple alg\u00e9rien, et \u00e0 lui seul, qu\u2019il revient de choisir ses dirigeants et son avenir, c\u2019est au peuple alg\u00e9rien de d\u00e9finir ses aspirations, ce qui implique la transparence et la libert\u00e9 du processus\u00bb, a-t-il affirm\u00e9.\u00a0 Il a ajout\u00e9 que l\u2019Alg\u00e9rie est \u00abun pays ami auquel nous rattachent des liens multiples\u00bb, notant que ce qui se passe en Alg\u00e9rie \u00aba des liens directs et un fort retentissement en France, nous le constatons\u00bb.<br \/>Le ministre fran\u00e7ais a expliqu\u00e9 aux d\u00e9put\u00e9s que l\u2019Alg\u00e9rie est un \u00abpays cl\u00e9 en Afrique et en M\u00e9diterran\u00e9e\u00bb, faisant observer que \u00abc\u2019est pourquoi la stabilit\u00e9, la s\u00e9curit\u00e9 et le d\u00e9veloppement de l\u2019Alg\u00e9rie sont tout \u00e0 fait essentiels et c\u2019est dans cet esprit que la France appr\u00e9hende cette \u00e9ch\u00e9ance cruciale en Alg\u00e9rie\u00bb.<br \/>Quant \u00e0 la ministre charg\u00e9e des Affaires de l\u2019Europe, Nathalie Loiseau, elle a r\u00e9affirm\u00e9 que ce n\u2019est pas \u00e0 la France de dire aux Alg\u00e9riens \u00abce qu\u2019ils doivent faire\u00bb, soulignant qu\u2019elle ne doit pas \u00eatre dans l\u2019ing\u00e9rence. \u00abCe n\u2019est pas \u00e0 nous, et \u00e0 nous moins qu\u2019\u00e0 quiconque, de dire aux Alg\u00e9riens ce qu\u2019ils doivent faire et de choisir leur destin \u00e0 leur place. Il me semble que nous devrions tous, sur ces bancs, \u00eatre d\u2019accord avec cette affirmation\u00bb, a-t-elle r\u00e9pondu mardi soir \u00e0 une d\u00e9put\u00e9e. \u00a0<br \/>\u00abLorsque l\u2019on parle de l\u2019Alg\u00e9rie et que l\u2019on est en France, il existe deux principes auxquels on doit toujours r\u00e9fl\u00e9chir et se tenir : nous ne pouvons \u00eatre ni dans l\u2019ing\u00e9rence ni dans l\u2019indiff\u00e9rence\u00bb, a-t-elle fait savoir. Pour elle, la France ne peut pas \u00ab\u00eatre dans l\u2019ing\u00e9rence vis-\u00e0-vis de l\u2019Alg\u00e9rie comme vis-\u00e0-vis de bien d\u2019autres pays, mais en particulier avec l\u2019Alg\u00e9rie, \u00e0 laquelle nous lie une histoire longue, riche, mais \u00e9galement troubl\u00e9e ni dans l\u2019indiff\u00e9rence\u00bb, soulignant que l\u2019Alg\u00e9rie est un partenaire \u00abimportant\u00bb de l\u2019Union europ\u00e9enne comme de la France. \u00abAujourd\u2019hui, des \u00e9lections se profilent en Alg\u00e9rie, et nous sommes attentifs \u00e0 la situation de ce pays. (&#8230;) Nous gardons cependant un regard amical et vigilant sur ce qui se passe en Alg\u00e9rie, et nous souhaitons que les aspirations du peuple alg\u00e9rien puissent \u00eatre entendues\u00bb, a-t-elle dit.<\/p>\n<p>Auteur: elmoudjahid<br \/>\n<a href=\"http:\/\/www.elmoudjahid.com\/fr\/actualites\/134520\">Cliquez ici pour lire l&rsquo;article depuis sa source.<\/a><\/p>\n","protected":false},"excerpt":{"rendered":"<p>Le ministre de l\u2019Europe et des Affaires \u00e9trang\u00e8res, Jean-Yves Le Drian, a affirm\u00e9 hier, \u00e0 Paris, que la France doit laisser le processus \u00e9lectoral alg\u00e9rien se d\u00e9rouler, soutenant que l\u2019Alg\u00e9rie est un pays \u00absouverain\u00bb dont la stabilit\u00e9 est \u00abessentielle\u00bb. \u00abNous devons laisser le processus \u00e9lectoral se d\u00e9rouler\u00bb, a-t-il d\u00e9clar\u00e9 au sujet des manifestations populaires et [&hellip;]<\/p>\n","protected":false},"author":1744,"featured_media":0,"comment_status":"closed","ping_status":"closed","sticky":false,"template":"","format":"standard","meta":{"fifu_image_url":"","fifu_image_alt":"","footnotes":""},"categories":[73,53],"tags":[],"class_list":["post-20208","post","type-post","status-publish","format-standard","hentry","category-actualite","category-algerie"],"_links":{"self":[{"href":"https:\/\/linitiative.ca\/International\/wp-json\/wp\/v2\/posts\/20208","targetHints":{"allow":["GET"]}}],"collection":[{"href":"https:\/\/linitiative.ca\/International\/wp-json\/wp\/v2\/posts"}],"about":[{"href":"https:\/\/linitiative.ca\/International\/wp-json\/wp\/v2\/types\/post"}],"author":[{"embeddable":true,"href":"https:\/\/linitiative.ca\/International\/wp-json\/wp\/v2\/users\/1744"}],"replies":[{"embeddable":true,"href":"https:\/\/linitiative.ca\/International\/wp-json\/wp\/v2\/comments?post=20208"}],"version-history":[{"count":0,"href":"https:\/\/linitiative.ca\/International\/wp-json\/wp\/v2\/posts\/20208\/revisions"}],"wp:attachment":[{"href":"https:\/\/linitiative.ca\/International\/wp-json\/wp\/v2\/media?parent=20208"}],"wp:term":[{"taxonomy":"category","embeddable":true,"href":"https:\/\/linitiative.ca\/International\/wp-json\/wp\/v2\/categories?post=20208"},{"taxonomy":"post_tag","embeddable":true,"href":"https:\/\/linitiative.ca\/International\/wp-json\/wp\/v2\/tags?post=20208"}],"curies":[{"name":"wp","href":"https:\/\/api.w.org\/{rel}","templated":true}]}}