{"id":20209,"date":"2019-03-06T18:00:00","date_gmt":"2019-03-06T23:00:00","guid":{"rendered":"https:\/\/linitiative.ca\/International\/mouvement-el-bina-non-aux-situations-de-transition\/"},"modified":"2019-03-06T18:00:00","modified_gmt":"2019-03-06T23:00:00","slug":"mouvement-el-bina-non-aux-situations-de-transition","status":"publish","type":"post","link":"https:\/\/linitiative.ca\/International\/mouvement-el-bina-non-aux-situations-de-transition\/","title":{"rendered":"Mouvement El Bina :  Non aux situations de transition"},"content":{"rendered":"<p>Dans un communiqu\u00e9 rendu public \u00e0 l&rsquo;issue de la r\u00e9union de son instance de coordination, le mouvement El Bina a mis en avant \u00abl&rsquo;imp\u00e9ratif d&rsquo;opter pour les solutions politiques et les initiatives nationales dans le cadre de la Constitution et du consensus national, avec la contribution des forces nationales \u00e0 la s\u00e9curisation de l&rsquo;avenir du pays, tout en rejetant le retour aux situations de transition\u00bb. Il appelle \u00e0 \u00abfaire pr\u00e9valoir la solution alg\u00e9rienne avec le peuple, loin de toute ing\u00e9rence \u00e9trang\u00e8re ou agendas ext\u00e9rieurs\u00bb.<br \/>Le parti a insist\u00e9 sur la n\u00e9cessit\u00e9 \u00abd&rsquo;\u00e9couter la voix du peuple et de lui apporter une r\u00e9ponse effective, \u00e0 travers la prise de mesures urgentes pour satisfaire ses revendications, de pr\u00e9munir le pays contre tout d\u00e9rapage et de pr\u00e9server la souverainet\u00e9 nationale face aux menaces et d\u00e9fis qui guettent l&rsquo;Alg\u00e9rie\u00bb, tout en \u00abmaintenant le contact avec les composantes de la sc\u00e8ne nationale, sans exclusion aucune, dans le but d&rsquo;assurer le changement d\u00e9mocratique\u00bb.\u00a0 Le mouvement El Bina a salu\u00e9 \u00able bon encadrement des manifestants par les forces de s\u00e9curit\u00e9\u00bb lors des marches pacifiques, plaidant pour \u00abla s\u00e9curisation du mouvement populaire contre les tentatives de d\u00e9nigrement et d&rsquo;exploitation.<br \/>\u00a0<\/p>\n<p>Auteur: elmoudjahid<br \/>\n<a href=\"http:\/\/www.elmoudjahid.com\/fr\/actualites\/134521\">Cliquez ici pour lire l&rsquo;article depuis sa source.<\/a><\/p>\n","protected":false},"excerpt":{"rendered":"<p>Dans un communiqu\u00e9 rendu public \u00e0 l&rsquo;issue de la r\u00e9union de son instance de coordination, le mouvement El Bina a mis en avant \u00abl&rsquo;imp\u00e9ratif d&rsquo;opter pour les solutions politiques et les initiatives nationales dans le cadre de la Constitution et du consensus national, avec la contribution des forces nationales \u00e0 la s\u00e9curisation de l&rsquo;avenir du [&hellip;]<\/p>\n","protected":false},"author":1744,"featured_media":0,"comment_status":"closed","ping_status":"closed","sticky":false,"template":"","format":"standard","meta":{"fifu_image_url":"","fifu_image_alt":"","footnotes":""},"categories":[73,53],"tags":[],"class_list":["post-20209","post","type-post","status-publish","format-standard","hentry","category-actualite","category-algerie"],"_links":{"self":[{"href":"https:\/\/linitiative.ca\/International\/wp-json\/wp\/v2\/posts\/20209","targetHints":{"allow":["GET"]}}],"collection":[{"href":"https:\/\/linitiative.ca\/International\/wp-json\/wp\/v2\/posts"}],"about":[{"href":"https:\/\/linitiative.ca\/International\/wp-json\/wp\/v2\/types\/post"}],"author":[{"embeddable":true,"href":"https:\/\/linitiative.ca\/International\/wp-json\/wp\/v2\/users\/1744"}],"replies":[{"embeddable":true,"href":"https:\/\/linitiative.ca\/International\/wp-json\/wp\/v2\/comments?post=20209"}],"version-history":[{"count":0,"href":"https:\/\/linitiative.ca\/International\/wp-json\/wp\/v2\/posts\/20209\/revisions"}],"wp:attachment":[{"href":"https:\/\/linitiative.ca\/International\/wp-json\/wp\/v2\/media?parent=20209"}],"wp:term":[{"taxonomy":"category","embeddable":true,"href":"https:\/\/linitiative.ca\/International\/wp-json\/wp\/v2\/categories?post=20209"},{"taxonomy":"post_tag","embeddable":true,"href":"https:\/\/linitiative.ca\/International\/wp-json\/wp\/v2\/tags?post=20209"}],"curies":[{"name":"wp","href":"https:\/\/api.w.org\/{rel}","templated":true}]}}