{"id":20210,"date":"2019-03-06T18:00:00","date_gmt":"2019-03-06T23:00:00","guid":{"rendered":"https:\/\/linitiative.ca\/International\/ahd-54-les-elections-demeurent-le-moyen-pacifique-pour-operer-le-changement\/"},"modified":"2019-03-06T18:00:00","modified_gmt":"2019-03-06T23:00:00","slug":"ahd-54-les-elections-demeurent-le-moyen-pacifique-pour-operer-le-changement","status":"publish","type":"post","link":"https:\/\/linitiative.ca\/International\/ahd-54-les-elections-demeurent-le-moyen-pacifique-pour-operer-le-changement\/","title":{"rendered":"AHD 54 : Les \u00e9lections demeurent le moyen pacifique pour op\u00e9rer le changement"},"content":{"rendered":"<p>Le pr\u00e9sident du parti AHD 54, Ali Fawzi Reba\u00efne a salu\u00e9, mercredi \u00e0 Alger, les marches pacifiques organis\u00e9es \u00e0 travers plusieurs wilayas, insistant sur l&rsquo;importance de pr\u00e9server la s\u00e9curit\u00e9 et la stabilit\u00e9 du pays. Intervenant lors d&rsquo;une conf\u00e9rence de presse, M. Reba\u00efne a mis en avant le caract\u00e8re pacifique ayant marqu\u00e9 les marches populaires organis\u00e9es \u00e0 travers le pays, soulignant \u00abla n\u00e9cessit\u00e9 de pr\u00e9server la s\u00e9curit\u00e9 et la stabilit\u00e9 du pays pour lequel 1,5 million de chouhada ont sacrifi\u00e9 leurs vies\u00bb. Qualifiant les revendications des participants \u00e0 ces marches de \u00abl\u00e9gitimes\u00bb, M. Reba\u00efne a exhort\u00e9 \u00able pouvoir \u00e0 les satisfaire\u00bb. Il a \u00e9galement form\u00e9 le v\u0153u de \u00abvoir la situation actuelle se d\u00e9nouer, \u00e0 la faveur de l&rsquo;unification des rangs et l&rsquo;ouverture d&rsquo;une nouvelle page pour la promotion et la prosp\u00e9rit\u00e9 du pays\u00bb. Il a rappel\u00e9, par ailleurs, le d\u00e9p\u00f4t de son dossier de candidature pour la pr\u00e9sidentielle du 18 avril aupr\u00e8s du Conseil constitutionnel et la collecte de \u00abpr\u00e8s de 80.000 signatures\u00bb, estimant que \u00ables \u00e9lections demeurent le moyen pacifique pour op\u00e9rer le changement\u00bb.<\/p>\n<p>Auteur: elmoudjahid<br \/>\n<a href=\"http:\/\/www.elmoudjahid.com\/fr\/actualites\/134522\">Cliquez ici pour lire l&rsquo;article depuis sa source.<\/a><\/p>\n","protected":false},"excerpt":{"rendered":"<p>Le pr\u00e9sident du parti AHD 54, Ali Fawzi Reba\u00efne a salu\u00e9, mercredi \u00e0 Alger, les marches pacifiques organis\u00e9es \u00e0 travers plusieurs wilayas, insistant sur l&rsquo;importance de pr\u00e9server la s\u00e9curit\u00e9 et la stabilit\u00e9 du pays. Intervenant lors d&rsquo;une conf\u00e9rence de presse, M. Reba\u00efne a mis en avant le caract\u00e8re pacifique ayant marqu\u00e9 les marches populaires organis\u00e9es [&hellip;]<\/p>\n","protected":false},"author":1744,"featured_media":0,"comment_status":"closed","ping_status":"closed","sticky":false,"template":"","format":"standard","meta":{"fifu_image_url":"","fifu_image_alt":"","footnotes":""},"categories":[73,53],"tags":[],"class_list":["post-20210","post","type-post","status-publish","format-standard","hentry","category-actualite","category-algerie"],"_links":{"self":[{"href":"https:\/\/linitiative.ca\/International\/wp-json\/wp\/v2\/posts\/20210","targetHints":{"allow":["GET"]}}],"collection":[{"href":"https:\/\/linitiative.ca\/International\/wp-json\/wp\/v2\/posts"}],"about":[{"href":"https:\/\/linitiative.ca\/International\/wp-json\/wp\/v2\/types\/post"}],"author":[{"embeddable":true,"href":"https:\/\/linitiative.ca\/International\/wp-json\/wp\/v2\/users\/1744"}],"replies":[{"embeddable":true,"href":"https:\/\/linitiative.ca\/International\/wp-json\/wp\/v2\/comments?post=20210"}],"version-history":[{"count":0,"href":"https:\/\/linitiative.ca\/International\/wp-json\/wp\/v2\/posts\/20210\/revisions"}],"wp:attachment":[{"href":"https:\/\/linitiative.ca\/International\/wp-json\/wp\/v2\/media?parent=20210"}],"wp:term":[{"taxonomy":"category","embeddable":true,"href":"https:\/\/linitiative.ca\/International\/wp-json\/wp\/v2\/categories?post=20210"},{"taxonomy":"post_tag","embeddable":true,"href":"https:\/\/linitiative.ca\/International\/wp-json\/wp\/v2\/tags?post=20210"}],"curies":[{"name":"wp","href":"https:\/\/api.w.org\/{rel}","templated":true}]}}