{"id":20211,"date":"2019-03-06T18:00:00","date_gmt":"2019-03-06T23:00:00","guid":{"rendered":"https:\/\/linitiative.ca\/International\/ffs-retrait-des-parlementaires\/"},"modified":"2019-03-06T18:00:00","modified_gmt":"2019-03-06T23:00:00","slug":"ffs-retrait-des-parlementaires","status":"publish","type":"post","link":"https:\/\/linitiative.ca\/International\/ffs-retrait-des-parlementaires\/","title":{"rendered":"FFS  : Retrait des parlementaires"},"content":{"rendered":"<p>\u00a0Le Front des forces socialistes a d\u00e9cid\u00e9 du retrait de ses parlementaires des deux chambres (12\u00a0 d\u00e9put\u00e9s \u00e0 l\u2019APN et 4 membres au Conseil de la nation), \u00abpour lutter au c\u00f4t\u00e9 du peuple sur le terrain\u00bb, est-il not\u00e9 dans le communiqu\u00e9 du parti qui a \u00e9galement lanc\u00e9 un appel \u00abpour poursuivre les manifestations de fa\u00e7on pacifique\u00bb. Dans le m\u00eame registre, le FFS affirme qu\u2019\u00abil poursuivra son combat\u00a0\u00a0 pacifique pour l\u2019av\u00e8nement d\u2019une deuxi\u00e8me R\u00e9publique, la construction d\u2019un\u00a0 Etat de droit, d\u00e9mocratique et social par l\u2019\u00e9lection d\u2019une Assembl\u00e9e constituante\u00bb.<\/p>\n<p>Auteur: elmoudjahid<br \/>\n<a href=\"http:\/\/www.elmoudjahid.com\/fr\/actualites\/134523\">Cliquez ici pour lire l&rsquo;article depuis sa source.<\/a><\/p>\n","protected":false},"excerpt":{"rendered":"<p>\u00a0Le Front des forces socialistes a d\u00e9cid\u00e9 du retrait de ses parlementaires des deux chambres (12\u00a0 d\u00e9put\u00e9s \u00e0 l\u2019APN et 4 membres au Conseil de la nation), \u00abpour lutter au c\u00f4t\u00e9 du peuple sur le terrain\u00bb, est-il not\u00e9 dans le communiqu\u00e9 du parti qui a \u00e9galement lanc\u00e9 un appel \u00abpour poursuivre les manifestations de fa\u00e7on [&hellip;]<\/p>\n","protected":false},"author":1744,"featured_media":0,"comment_status":"closed","ping_status":"closed","sticky":false,"template":"","format":"standard","meta":{"fifu_image_url":"","fifu_image_alt":"","footnotes":""},"categories":[73,53],"tags":[],"class_list":["post-20211","post","type-post","status-publish","format-standard","hentry","category-actualite","category-algerie"],"_links":{"self":[{"href":"https:\/\/linitiative.ca\/International\/wp-json\/wp\/v2\/posts\/20211","targetHints":{"allow":["GET"]}}],"collection":[{"href":"https:\/\/linitiative.ca\/International\/wp-json\/wp\/v2\/posts"}],"about":[{"href":"https:\/\/linitiative.ca\/International\/wp-json\/wp\/v2\/types\/post"}],"author":[{"embeddable":true,"href":"https:\/\/linitiative.ca\/International\/wp-json\/wp\/v2\/users\/1744"}],"replies":[{"embeddable":true,"href":"https:\/\/linitiative.ca\/International\/wp-json\/wp\/v2\/comments?post=20211"}],"version-history":[{"count":0,"href":"https:\/\/linitiative.ca\/International\/wp-json\/wp\/v2\/posts\/20211\/revisions"}],"wp:attachment":[{"href":"https:\/\/linitiative.ca\/International\/wp-json\/wp\/v2\/media?parent=20211"}],"wp:term":[{"taxonomy":"category","embeddable":true,"href":"https:\/\/linitiative.ca\/International\/wp-json\/wp\/v2\/categories?post=20211"},{"taxonomy":"post_tag","embeddable":true,"href":"https:\/\/linitiative.ca\/International\/wp-json\/wp\/v2\/tags?post=20211"}],"curies":[{"name":"wp","href":"https:\/\/api.w.org\/{rel}","templated":true}]}}