{"id":20213,"date":"2019-03-06T18:00:00","date_gmt":"2019-03-06T23:00:00","guid":{"rendered":"https:\/\/linitiative.ca\/International\/ue-algerie-pour-un-espace-commun-de-stabilite-de-democratie-et-de-prosperite-partagee\/"},"modified":"2019-03-06T18:00:00","modified_gmt":"2019-03-06T23:00:00","slug":"ue-algerie-pour-un-espace-commun-de-stabilite-de-democratie-et-de-prosperite-partagee","status":"publish","type":"post","link":"https:\/\/linitiative.ca\/International\/ue-algerie-pour-un-espace-commun-de-stabilite-de-democratie-et-de-prosperite-partagee\/","title":{"rendered":"UE &#8211; Alg\u00e9rie : pour  \u00ab un espace commun de stabilit\u00e9, de d\u00e9mocratie  et de prosp\u00e9rit\u00e9 partag\u00e9e"},"content":{"rendered":"<p>Le porte-parole de l&rsquo;Union europ\u00e9enne (UE), Maja Kocijancic, a r\u00e9affirm\u00e9 l&rsquo;engagement de l&rsquo;UE \u00e0 continuer \u00e0 approfondir ses relations avec l&rsquo;Alg\u00e9rie \u00abdans le but de cr\u00e9er un espace commun de stabilit\u00e9, de d\u00e9mocratie et de prosp\u00e9rit\u00e9 partag\u00e9e\u00bb. \u00abNous soulignons l&rsquo;importance du partenariat entre l&rsquo;UE et l&rsquo;Alg\u00e9rie et r\u00e9affirmons notre engagement \u00e0 continuer \u00e0 approfondir nos relations dans le but de cr\u00e9er un espace commun de stabilit\u00e9, de d\u00e9mocratie et de prosp\u00e9rit\u00e9 partag\u00e9e\u00bb, a-t-il d\u00e9clar\u00e9 \u00e0 l&rsquo;Agence italienne AKI. Abordant l&rsquo;\u00e9lection pr\u00e9sidentielle du 18 avril prochain, M. Kocijancic a indiqu\u00e9 que le Conseil constitutionnel est l&rsquo;instance habilit\u00e9e en Alg\u00e9rie \u00e0 \u00abconfirmer la conformit\u00e9 des candidatures\u00bb, d\u00e9pos\u00e9es \u00e0 son niveau, pour cette \u00e9lection. \u00abPlusieurs candidats ont soumis leurs candidatures.<br \/>Il appartient maintenant au Conseil constitutionnel alg\u00e9rien de confirmer leur conformit\u00e9 par rapport \u00e0 la Constitution et \u00e0 la loi \u00e9lectorale\u00bb. \u00abLes droits de libert\u00e9 d&rsquo;expression et de r\u00e9union sont inscrits dans la constitution alg\u00e9rienne. Nous attendons que ces droits puissent \u00eatre exerc\u00e9s de fa\u00e7on pacifique et soient garantis dans le respect de l&rsquo;Etat de droit\u00bb, a-t-il conclu.<br \/>\u00a0<\/p>\n<p>Auteur: elmoudjahid<br \/>\n<a href=\"http:\/\/www.elmoudjahid.com\/fr\/actualites\/134525\">Cliquez ici pour lire l&rsquo;article depuis sa source.<\/a><\/p>\n","protected":false},"excerpt":{"rendered":"<p>Le porte-parole de l&rsquo;Union europ\u00e9enne (UE), Maja Kocijancic, a r\u00e9affirm\u00e9 l&rsquo;engagement de l&rsquo;UE \u00e0 continuer \u00e0 approfondir ses relations avec l&rsquo;Alg\u00e9rie \u00abdans le but de cr\u00e9er un espace commun de stabilit\u00e9, de d\u00e9mocratie et de prosp\u00e9rit\u00e9 partag\u00e9e\u00bb. \u00abNous soulignons l&rsquo;importance du partenariat entre l&rsquo;UE et l&rsquo;Alg\u00e9rie et r\u00e9affirmons notre engagement \u00e0 continuer \u00e0 approfondir nos [&hellip;]<\/p>\n","protected":false},"author":1744,"featured_media":0,"comment_status":"closed","ping_status":"closed","sticky":false,"template":"","format":"standard","meta":{"fifu_image_url":"","fifu_image_alt":"","footnotes":""},"categories":[73,53],"tags":[],"class_list":["post-20213","post","type-post","status-publish","format-standard","hentry","category-actualite","category-algerie"],"_links":{"self":[{"href":"https:\/\/linitiative.ca\/International\/wp-json\/wp\/v2\/posts\/20213","targetHints":{"allow":["GET"]}}],"collection":[{"href":"https:\/\/linitiative.ca\/International\/wp-json\/wp\/v2\/posts"}],"about":[{"href":"https:\/\/linitiative.ca\/International\/wp-json\/wp\/v2\/types\/post"}],"author":[{"embeddable":true,"href":"https:\/\/linitiative.ca\/International\/wp-json\/wp\/v2\/users\/1744"}],"replies":[{"embeddable":true,"href":"https:\/\/linitiative.ca\/International\/wp-json\/wp\/v2\/comments?post=20213"}],"version-history":[{"count":0,"href":"https:\/\/linitiative.ca\/International\/wp-json\/wp\/v2\/posts\/20213\/revisions"}],"wp:attachment":[{"href":"https:\/\/linitiative.ca\/International\/wp-json\/wp\/v2\/media?parent=20213"}],"wp:term":[{"taxonomy":"category","embeddable":true,"href":"https:\/\/linitiative.ca\/International\/wp-json\/wp\/v2\/categories?post=20213"},{"taxonomy":"post_tag","embeddable":true,"href":"https:\/\/linitiative.ca\/International\/wp-json\/wp\/v2\/tags?post=20213"}],"curies":[{"name":"wp","href":"https:\/\/api.w.org\/{rel}","templated":true}]}}