{"id":20268,"date":"2019-03-07T06:09:00","date_gmt":"2019-03-07T11:09:00","guid":{"rendered":"https:\/\/linitiative.ca\/International\/mounir-beltaifa-quelle-polarisation-pertinente-aux-prochaines-elections\/"},"modified":"2019-03-07T06:09:00","modified_gmt":"2019-03-07T11:09:00","slug":"mounir-beltaifa-quelle-polarisation-pertinente-aux-prochaines-elections","status":"publish","type":"post","link":"https:\/\/linitiative.ca\/International\/mounir-beltaifa-quelle-polarisation-pertinente-aux-prochaines-elections\/","title":{"rendered":"Mounir Beltaifa: Quelle polarisation pertinente aux prochaines \u00e9lections ?"},"content":{"rendered":"<p>La campagne \u00e9lectorale de 2014 a vu une polarisation des \u00e9lecteurs entre anti-islamistes et anti-RCD, les votes utiles sacrifiant de nombreux partis, moyens et petits, notamment des d\u00e9mocrates souvent pilot\u00e9s par des EGO-\u00efstes en toute objectivit\u00e9.<\/p>\n<p>Peut-on esp\u00e9rer que la campagne \u00e9lectorale de 2019 fasse \u00e9merger une polarisation plus pertinente et moins frustrante, entre porteurs de fausses promesses \u00e9lectorales et porteurs de projets de r\u00e9formes v\u00e9ritablement structurants ?<\/p>\n<p>Encore faudrait-il que nos politiciens et nos citoyens fassent la diff\u00e9rence entre une promesse intenable et un projet, entre ce qu\u2019ils ont os\u00e9 appeler un programme \u00e9lectoral (surench\u00e8re de promesses souvent fausses) et un portefeuille de projets coh\u00e9rents et r\u00e9alisables (objectifs SMART, d\u00e9marche \u00e9prouv\u00e9e, charges et d\u00e9lais r\u00e9alistes, comp\u00e9tences et financements requis accessibles\u2026).<\/p>\n<p>Le temps est-il venu pour que nos intelligences individuelles\/partisanes forment une intelligence collective\/nationale?<\/p>\n<p>Peut-on exiger de nos politiciens une plus grande rigueur ou leur reprocher d\u2019abuser des int\u00e9r\u00eats et de la confiance des citoyens si l\u2019opinion publique:<\/p>\n<ul>\n<li>Fait confiance et vote souvent \u00e0 la t\u00eate du candidat et s\u2019int\u00e9resse superficiellement \u00e0 la pertinence et la faisabilit\u00e9 de son programme<\/li>\n<li>Et manque parfois de discernement dans l\u2019\u00e9thique et les v\u00e9ritables agendas cach\u00e9s des candidats et les capacit\u00e9s de gouvernance et d\u2019ex\u00e9cution de leurs conseillers et co\u00e9quipiers!<\/li>\n<\/ul>\n<p>Il est urgent de sensibiliser l\u2019opinion publique \u00e0 la n\u00e9cessit\u00e9 d\u2019avoir plus d\u2019exigences de contenu que de forme avant de faire aveugl\u00e9ment confiance \u00e0 un parti ou un candidat.<\/p>\n<p>Mais comment sensibiliser l\u2019opinion publique alors que les m\u00e9dias sont en grande partie sous contr\u00f4le direct ou indirect des lobbies et sponsors des partis politiques?<\/p>\n<p>Seule chance de sensibilisation, c\u2019est cette regrettable baisse significative du pouvoir d\u2019achat qui pourrait \u00e9pargner \u00e0 certains de faire de nouveau aveugl\u00e9ment confiance \u00e0 ceux-l\u00e0 m\u00eames qui ont g\u00e9n\u00e9r\u00e9 cette contraction \u00e9conomique depuis 2011 tout en la l\u00e9gitimant!<\/p>\n<p>La d\u00e9tresse de la Tunisie devrait nous faire rejeter des arguments trop us\u00e9s du genre:<\/p>\n<ul>\n<li>\u00ab Il a fallu \u00e0 la France un si\u00e8cle avant que sa d\u00e9mocratie ne tienne la route \u00bb, argument de ceux qui comptent leurs retards en si\u00e8cles bien loin de l\u2019\u00e8re digitale: la r\u00e9volution fran\u00e7aise s\u2019est faite sans mondialisation \u00e9crasante et bien avant l\u2019\u00e8re d\u2019internet<\/li>\n<li>\u00ab Nous avons la chance d\u2019aller beaucoup mieux que la Syrie, l\u2019Irak ou la Libye \u00bb! argument de ceux qui donnent \u00e0 la d\u00e9cadence une pseudo-l\u00e9gitimit\u00e9 loin des enjeux g\u00e9ostrat\u00e9giques: la Tunisie n\u2019a pas subi les m\u00eames pressions \u00e9trang\u00e8res parce qu\u2019elle n\u2019a pas le p\u00e9trole de la Libye, de l\u2019Irak ou de la Syrie!<\/li>\n<\/ul>\n<p>Soyons responsables, nous sommes sur le m\u00eame bateau:<\/p>\n<ul>\n<li>Posons-nous les vrais probl\u00e8mes (politiques, \u00e9conomiques, sociaux, environnementaux, technologiques\u2026),<\/li>\n<li>Proposons des solutions appropri\u00e9es et efficaces et faisons passer l\u2019int\u00e9r\u00eat national devant celui des individus et\/ou des partis!<\/li>\n<li>Refusons les d\u00e9bats de bas niveaux, exigeons plus de profondeur de nous-m\u00eames, de nos m\u00e9dias et de nospoliticiens.<br \/>Notre Tunisie le vaut bien.<\/li>\n<\/ul>\n<p class=\"c2\"><strong>Mounir Beltaifa<\/strong><\/p>\n<p>Auteur:<br \/>\n<a href=\"https:\/\/www.leaders.com.tn\/article\/26593-mounir-beltaifa-quelle-polarisation-pertinente-aux-prochaines-elections\">Cliquez ici pour lire l&rsquo;article depuis sa source.<\/a><\/p>\n","protected":false},"excerpt":{"rendered":"<p>La campagne \u00e9lectorale de 2014 a vu une polarisation des \u00e9lecteurs entre anti-islamistes et anti-RCD, les votes utiles sacrifiant de nombreux partis, moyens et petits, notamment des d\u00e9mocrates souvent pilot\u00e9s par des EGO-\u00efstes en toute objectivit\u00e9. Peut-on esp\u00e9rer que la campagne \u00e9lectorale de 2019 fasse \u00e9merger une polarisation plus pertinente et moins frustrante, entre porteurs [&hellip;]<\/p>\n","protected":false},"author":1772,"featured_media":0,"comment_status":"closed","ping_status":"closed","sticky":false,"template":"","format":"standard","meta":{"fifu_image_url":"","fifu_image_alt":"","footnotes":""},"categories":[73,55],"tags":[],"class_list":["post-20268","post","type-post","status-publish","format-standard","hentry","category-actualite","category-tunisie"],"_links":{"self":[{"href":"https:\/\/linitiative.ca\/International\/wp-json\/wp\/v2\/posts\/20268","targetHints":{"allow":["GET"]}}],"collection":[{"href":"https:\/\/linitiative.ca\/International\/wp-json\/wp\/v2\/posts"}],"about":[{"href":"https:\/\/linitiative.ca\/International\/wp-json\/wp\/v2\/types\/post"}],"author":[{"embeddable":true,"href":"https:\/\/linitiative.ca\/International\/wp-json\/wp\/v2\/users\/1772"}],"replies":[{"embeddable":true,"href":"https:\/\/linitiative.ca\/International\/wp-json\/wp\/v2\/comments?post=20268"}],"version-history":[{"count":0,"href":"https:\/\/linitiative.ca\/International\/wp-json\/wp\/v2\/posts\/20268\/revisions"}],"wp:attachment":[{"href":"https:\/\/linitiative.ca\/International\/wp-json\/wp\/v2\/media?parent=20268"}],"wp:term":[{"taxonomy":"category","embeddable":true,"href":"https:\/\/linitiative.ca\/International\/wp-json\/wp\/v2\/categories?post=20268"},{"taxonomy":"post_tag","embeddable":true,"href":"https:\/\/linitiative.ca\/International\/wp-json\/wp\/v2\/tags?post=20268"}],"curies":[{"name":"wp","href":"https:\/\/api.w.org\/{rel}","templated":true}]}}