{"id":20290,"date":"2019-03-07T06:38:35","date_gmt":"2019-03-07T11:38:35","guid":{"rendered":"https:\/\/linitiative.ca\/International\/enseignants-contractuels-la-promesse-damzazi\/"},"modified":"2019-03-07T06:38:35","modified_gmt":"2019-03-07T11:38:35","slug":"enseignants-contractuels-la-promesse-damzazi","status":"publish","type":"post","link":"https:\/\/linitiative.ca\/International\/enseignants-contractuels-la-promesse-damzazi\/","title":{"rendered":"Enseignants contractuels : la promesse d\u2019Amzazi"},"content":{"rendered":"<p>Le recrutement par contrat d\u2019enseignants cadres des Acad\u00e9mies r\u00e9gionales d\u2019\u00e9ducation et de formation (<strong>AREF<\/strong>) constitue un choix strat\u00e9gique irr\u00e9versible, a soulign\u00e9, mercredi \u00e0 Rabat, le ministre de l\u2019\u00c9ducation nationale, de la Formation professionnelle, de l\u2019Enseignement sup\u00e9rieur et de la Recherche scientifique, Said Amzazi.<\/p>\n<div class=\"c10\"\/>\n<p>Ce mode de recrutement s\u2019inscrit dans le cadre de l\u2019instauration de la r\u00e9gionalisation avanc\u00e9e, \u00e0 travers l\u2019ach\u00e8vement du processus de d\u00e9concentration et de d\u00e9centralisation dans le secteur de l\u2019\u00e9ducation nationale, a indiqu\u00e9 <strong>Amzazi<\/strong>, lors d\u2019une conf\u00e9rence de presse consacr\u00e9e \u00e0 \u00ab\u00a0La situation des enseignants cadres des AREF\u00a0\u00bb. Il s\u2019inscrit \u00e9galement dans le cadre de l\u2019adaptation de la situation des AREF avec les exigences de la loi n\u00b0 69-00 relative au contr\u00f4le financier de l\u2019\u00c9tat sur les entreprises publiques et autres organismes.<\/p>\n<p>Lire aussi <a href=\"https:\/\/www.challenge.ma\/plus-de-200-000-enseignants-etre-recrutes-formes-97451\/\" target=\"_blank\" rel=\"noopener\">Plus de 200.000 enseignants vont \u00eatre recrut\u00e9s et form\u00e9s<\/a><\/p>\n<p>Amzazi a soulign\u00e9 que le recrutement des cadres des AREF par contrat s\u2019assigne pour objectif de renforcer les Acad\u00e9mies r\u00e9gionales, en tant qu\u2019\u00e9tablissements publics dot\u00e9s de l\u2019autonomie administrative et financi\u00e8re et ma\u00eetrisant leurs ressources humaines, tout en leur assurant, \u00e0 l\u2019instar des autres \u00e9tablissements publics, l\u2019ind\u00e9pendance dans le d\u00e9ploiement des comp\u00e9tences n\u00e9cessaires \u00e0 la gestion efficace du syst\u00e8me \u00e9ducatif.<\/p>\n<p>Afin de s\u00e9curiser le parcours administratif et professionnel des enseignants cadres des AREF, un statut particulier a \u00e9t\u00e9 adopt\u00e9 \u00e0 compter du 1er septembre 2018, en tant qu\u2019outil essentiel de gestion de ces aspects, a-t-il poursuivi, faisant savoir que ce statut pr\u00e9voit les droits et les obligations relatifs \u00e0 la formation de base et continue, la protection sociale et la motivation tout au long de la carri\u00e8re, \u00e0 l\u2019instar des enseignants soumis au statut particulier du personnel du minist\u00e8re de l\u2019<strong>\u00c9ducation nationale<\/strong>.<\/p>\n<p>Et d\u2019ajouter que le minist\u00e8re est dispos\u00e9 \u00e0 am\u00e9liorer le nouveau statut des cadres des AREF, \u00e0 chaque fois que cela s\u2019av\u00e8re n\u00e9cessaire, afin d\u2019am\u00e9liorer la qualit\u00e9 du syst\u00e8me \u00e9ducatif et garantir aux enseignants la stabilit\u00e9 et la motivation n\u00e9cessaires.<\/p>\n<div class=\"c17\">\n<fieldset class=\"c16\">\n<legend><strong><span class=\"c11\">Challenge<\/span><span class=\"c12\">news<\/span><\/strong><\/legend>\n<div class=\"c15\">Le meilleur de la r\u00e9daction s\u00e9lectionn\u00e9 par Challenge :<\/p>\n<\/div>\n<\/fieldset>\n<\/div>\n<p>Auteur: Hassan Manyani<br \/>\n<a href=\"https:\/\/www.challenge.ma\/enseignants-contractuels-la-promesse-damzazi-105767\/\">Cliquez ici pour lire l&rsquo;article depuis sa source.<\/a><\/p>\n","protected":false},"excerpt":{"rendered":"<p>Le recrutement par contrat d\u2019enseignants cadres des Acad\u00e9mies r\u00e9gionales d\u2019\u00e9ducation et de formation (AREF) constitue un choix strat\u00e9gique irr\u00e9versible, a soulign\u00e9, mercredi \u00e0 Rabat, le ministre de l\u2019\u00c9ducation nationale, de la Formation professionnelle, de l\u2019Enseignement sup\u00e9rieur et de la Recherche scientifique, Said Amzazi. Ce mode de recrutement s\u2019inscrit dans le cadre de l\u2019instauration de la [&hellip;]<\/p>\n","protected":false},"author":1787,"featured_media":0,"comment_status":"closed","ping_status":"closed","sticky":false,"template":"","format":"standard","meta":{"fifu_image_url":"","fifu_image_alt":"","footnotes":""},"categories":[78,54],"tags":[],"class_list":["post-20290","post","type-post","status-publish","format-standard","hentry","category-economie","category-maroc"],"_links":{"self":[{"href":"https:\/\/linitiative.ca\/International\/wp-json\/wp\/v2\/posts\/20290","targetHints":{"allow":["GET"]}}],"collection":[{"href":"https:\/\/linitiative.ca\/International\/wp-json\/wp\/v2\/posts"}],"about":[{"href":"https:\/\/linitiative.ca\/International\/wp-json\/wp\/v2\/types\/post"}],"author":[{"embeddable":true,"href":"https:\/\/linitiative.ca\/International\/wp-json\/wp\/v2\/users\/1787"}],"replies":[{"embeddable":true,"href":"https:\/\/linitiative.ca\/International\/wp-json\/wp\/v2\/comments?post=20290"}],"version-history":[{"count":0,"href":"https:\/\/linitiative.ca\/International\/wp-json\/wp\/v2\/posts\/20290\/revisions"}],"wp:attachment":[{"href":"https:\/\/linitiative.ca\/International\/wp-json\/wp\/v2\/media?parent=20290"}],"wp:term":[{"taxonomy":"category","embeddable":true,"href":"https:\/\/linitiative.ca\/International\/wp-json\/wp\/v2\/categories?post=20290"},{"taxonomy":"post_tag","embeddable":true,"href":"https:\/\/linitiative.ca\/International\/wp-json\/wp\/v2\/tags?post=20290"}],"curies":[{"name":"wp","href":"https:\/\/api.w.org\/{rel}","templated":true}]}}