{"id":20322,"date":"2019-03-07T14:50:01","date_gmt":"2019-03-07T19:50:01","guid":{"rendered":"https:\/\/linitiative.ca\/International\/nemmouche-de-ladolescent-incontrolable-au-soldat-du-jihad\/"},"modified":"2019-03-07T14:50:01","modified_gmt":"2019-03-07T19:50:01","slug":"nemmouche-de-ladolescent-incontrolable-au-soldat-du-jihad","status":"publish","type":"post","link":"https:\/\/linitiative.ca\/International\/nemmouche-de-ladolescent-incontrolable-au-soldat-du-jihad\/","title":{"rendered":"Nemmouche, de l\u2019adolescent incontr\u00f4lable au soldat du jihad"},"content":{"rendered":"<div readability=\"32\">\n<p>Publi\u00e9 le 07.03.2019 \u00e0 20h50 par AFP<\/p>\n<\/div>\n<div readability=\"156\">\n<p>Enfant sans p\u00e8re \u00e9lev\u00e9 dans une famille d\u2019accueil, Mehdi Nemmouche a plong\u00e9 dans la d\u00e9linquance \u00e0 l\u2019adolescence, puis encha\u00een\u00e9 les s\u00e9jours en prison o\u00f9 il s\u2019est radicalis\u00e9 pour devenir un soldat du jihad en Syrie.<\/p>\n<p>A 33 ans, ce Fran\u00e7ais d\u2019origine alg\u00e9rienne, fine barbe et carrure athl\u00e9tique, a \u00e9t\u00e9 d\u00e9clar\u00e9 coupable jeudi \u00e0 Bruxelles des quatre \u00ab\u00a0assassinats terroristes\u00a0\u00bb perp\u00e9tr\u00e9s en 2014 au Mus\u00e9e juif de la capitale belge. Il est rest\u00e9 impassible \u00e0 l\u2019\u00e9nonc\u00e9 de ce verdict de culpabilit\u00e9.<\/p>\n<p>Il encourt la r\u00e9clusion \u00e0 perp\u00e9tuit\u00e9. La peine devrait \u00eatre annonc\u00e9e vendredi \u00e0 l\u2019issue d\u2019une nouvelle d\u00e9lib\u00e9ration de la cour d\u2019assises.<\/p>\n<p>Mehdi Nemmouche, qui aux yeux de l\u2019accusation est responsable du premier attentat commis en Europe par un combattant de retour de Syrie, a toujours ni\u00e9 les faits.<\/p>\n<p>Lors du proc\u00e8s, il a dit avoir \u00e9t\u00e9 \u00ab\u00a0pi\u00e9g\u00e9\u00a0\u00bb, mais n\u2019a livr\u00e9 aucune explication, contrairement \u00e0 ce que promettaient ses avocats.<\/p>\n<p>Il a \u00e9galement refus\u00e9 le moindre t\u00e9moignage de proches, susceptible d\u2019\u00e9clairer les jur\u00e9s sur sa personnalit\u00e9 et ses failles. Fid\u00e8le au \u00ab\u00a0mental d\u2019acier\u00a0\u00bb qui impressionne un de ses conseils.<\/p>\n<p>\u00ab\u00a0Il n\u2019est pas dans l\u2019introspection, ne veut pas s\u2019exposer dans l\u2019\u00e9motion\u00a0\u00bb, a confi\u00e9 \u00e0 l\u2019AFP cet avocat, Me Francis Vuillemin.<\/p>\n<p>N\u00e9 le 17 avril 1985 \u00e0 Roubaix (nord de la France) dans une famille d\u2019\u00e9migr\u00e9s alg\u00e9riens, Nemmouche n\u2019a pas connu son p\u00e8re, et sa m\u00e8re n\u2019a \u00ab\u00a0jamais \u00e9t\u00e9 apte\u00a0\u00bb \u00e0 s\u2019occuper de lui, selon le portrait bross\u00e9 par les enqu\u00eateurs.<\/p>\n<p>A trois mois, il est plac\u00e9 dans une famille d\u2019accueil pr\u00e8s de Lille, o\u00f9 il reste jusqu\u2019\u00e0 16 ans. Sa vie est instable, entre retours difficiles chez ses grands-parents le week-end, s\u00e9jours en pension ou dans un foyer parisien d\u2019orphelins.<\/p>\n<p>Adolescent, il est col\u00e9rique, \u00ab\u00a0incontr\u00f4lable\u00a0\u00bb, diront ses parents adoptifs, et \u00ab\u00a0capable du meilleur comme du pire\u00a0\u00bb.<\/p>\n<p>Il commet sa premi\u00e8re infraction \u00e0 13 ans, et \u00e0 16 ans d\u00e9couvre la prison o\u00f9 il passe trois semaines pour un braquage au pistolet \u00e0 billes.<\/p>\n<p>Le casier judiciaire s\u2019alourdit au fil des ann\u00e9es (infractions routi\u00e8res, vols avec violence, etc), et sa grand-m\u00e8re maternelle, chez qui il est revenu vivre, perd sa trace apr\u00e8s sa deuxi\u00e8me incarc\u00e9ration.<\/p>\n<p><ins data-revive-zoneid=\"9\" data-revive-id=\"10111e19d28d19d031742ee3b0b33eb0\"\/> <\/p>\n<p>\u2013 \u00ab\u00a0Un \u00e9norme g\u00e2chis\u00a0\u00bb \u2013<\/p>\n<p>En 2007, \u00e0 22 ans, il quitte le nord de la France pour suivre un ami d\u00e9linquant parti en Provence. Les deux copains pensent se faire oublier, mais replongent vite.<\/p>\n<p>Entre d\u00e9cembre 2007 et d\u00e9cembre 2012, Nemmouche passe cinq ans d\u2019affil\u00e9e derri\u00e8re les barreaux dans le sud de la France, condamn\u00e9 notamment pour vol avec violence et avec armes chez un concessionnaire de motos. C\u2019est la p\u00e9riode du basculement progressif dans l\u2019islam radical.<\/p>\n<p>Apr\u00e8s la tuerie de Bruxelles, une avocate l\u2019ayant d\u00e9fendu dans le pass\u00e9 avait mis en cause le manque de suivi socio-judiciaire pour expliquer la d\u00e9rive d\u2019un \u00ab\u00a0jeune homme intelligent, vif d\u2019esprit et qui voulait s\u2019en sortir\u00a0\u00bb.<\/p>\n<p>\u00ab\u00a0Un \u00e9norme g\u00e2chis\u00a0\u00bb, a d\u00e9plor\u00e9 aupr\u00e8s de l\u2019AFP Me Soulifa Badaoui.<\/p>\n<p>\u00ab\u00a0Tout le monde disait qu\u2019il aurait pu aller loin (\u2026) Il voulait \u00eatre ing\u00e9nieur comme mon fils a\u00een\u00e9\u00a0\u00bb, a affirm\u00e9 sa m\u00e8re adoptive \u00e0 la cha\u00eene belge francophone RTBF.<\/p>\n<p>Pendant cette longue d\u00e9tention entre 2007 et 2012, les autorit\u00e9s remarquent son \u00ab\u00a0pros\u00e9lytisme extr\u00e9miste\u00a0\u00bb: il appelle parfois \u00e0 la pri\u00e8re collective en prison et \u00e9voque ouvertement le jihad avec des r\u00e9f\u00e9rences au \u00ab\u00a0g\u00e9nocide des musulmans de Bosnie\u00a0\u00bb en 1995.<\/p>\n<p>Quand sa grand-m\u00e8re l\u2019accueille de nouveau fin 2012, il porte la barbe et fait la pri\u00e8re. Du jamais vu pour elle. Il prend tr\u00e8s vite le chemin de la Syrie pour rejoindre un groupe de combattants \u00e9trangers.<\/p>\n<p>Dans un autre dossier qui fera l\u2019objet d\u2019un proc\u00e8s en France, Nemmouche est soup\u00e7onn\u00e9 d\u2019avoir retenu en otages quatre journalistes fran\u00e7ais enlev\u00e9s en 2013 \u00e0 Alep (Syrie).<\/p>\n<p>Deux d\u2019entre eux sont venus t\u00e9moigner au proc\u00e8s bruxellois des s\u00e9vices que ce ge\u00f4lier francophone leur faisait endurer et de \u00ab\u00a0sa capacit\u00e9 de violence\u00a0\u00bb.<\/p>\n<p>Se d\u00e9finissant lui-m\u00eame comme \u00ab\u00a0un nettoyeur ethnique musulman\u00a0\u00bb, d\u2019apr\u00e8s l\u2019un des otages, Mehdi Nemmouche ne cachait pas son admiration pour Mohamed Merah, qui en 2012 avait assassin\u00e9 sept personnes dans le sud de la France, dont trois enfants et un p\u00e8re juifs.<\/p>\n<\/div>\n<p>Auteur: AFP<br \/>\n<a href=\"https:\/\/www.journalducameroun.com\/nemmouche-de-ladolescent-incontrolable-au-soldat-du-jihad-2\/\">Cliquez ici pour lire l&rsquo;article depuis sa source.<\/a><\/p>\n","protected":false},"excerpt":{"rendered":"<p>Publi\u00e9 le 07.03.2019 \u00e0 20h50 par AFP Enfant sans p\u00e8re \u00e9lev\u00e9 dans une famille d\u2019accueil, Mehdi Nemmouche a plong\u00e9 dans la d\u00e9linquance \u00e0 l\u2019adolescence, puis encha\u00een\u00e9 les s\u00e9jours en prison o\u00f9 il s\u2019est radicalis\u00e9 pour devenir un soldat du jihad en Syrie. A 33 ans, ce Fran\u00e7ais d\u2019origine alg\u00e9rienne, fine barbe et carrure athl\u00e9tique, a [&hellip;]<\/p>\n","protected":false},"author":1965,"featured_media":0,"comment_status":"closed","ping_status":"closed","sticky":false,"template":"","format":"standard","meta":{"fifu_image_url":"","fifu_image_alt":"","footnotes":""},"categories":[73,82],"tags":[],"class_list":["post-20322","post","type-post","status-publish","format-standard","hentry","category-actualite","category-cameroun"],"_links":{"self":[{"href":"https:\/\/linitiative.ca\/International\/wp-json\/wp\/v2\/posts\/20322","targetHints":{"allow":["GET"]}}],"collection":[{"href":"https:\/\/linitiative.ca\/International\/wp-json\/wp\/v2\/posts"}],"about":[{"href":"https:\/\/linitiative.ca\/International\/wp-json\/wp\/v2\/types\/post"}],"author":[{"embeddable":true,"href":"https:\/\/linitiative.ca\/International\/wp-json\/wp\/v2\/users\/1965"}],"replies":[{"embeddable":true,"href":"https:\/\/linitiative.ca\/International\/wp-json\/wp\/v2\/comments?post=20322"}],"version-history":[{"count":0,"href":"https:\/\/linitiative.ca\/International\/wp-json\/wp\/v2\/posts\/20322\/revisions"}],"wp:attachment":[{"href":"https:\/\/linitiative.ca\/International\/wp-json\/wp\/v2\/media?parent=20322"}],"wp:term":[{"taxonomy":"category","embeddable":true,"href":"https:\/\/linitiative.ca\/International\/wp-json\/wp\/v2\/categories?post=20322"},{"taxonomy":"post_tag","embeddable":true,"href":"https:\/\/linitiative.ca\/International\/wp-json\/wp\/v2\/tags?post=20322"}],"curies":[{"name":"wp","href":"https:\/\/api.w.org\/{rel}","templated":true}]}}