{"id":20368,"date":"2019-03-08T13:55:52","date_gmt":"2019-03-08T18:55:52","guid":{"rendered":"https:\/\/linitiative.ca\/International\/marrakech-ouverture-des-ag-du-reseau-liberal-africain-et-de-la-federation-liberale-arabe\/"},"modified":"2019-03-08T13:55:52","modified_gmt":"2019-03-08T18:55:52","slug":"marrakech-ouverture-des-ag-du-reseau-liberal-africain-et-de-la-federation-liberale-arabe","status":"publish","type":"post","link":"https:\/\/linitiative.ca\/International\/marrakech-ouverture-des-ag-du-reseau-liberal-africain-et-de-la-federation-liberale-arabe\/","title":{"rendered":"Marrakech : Ouverture des AG du R\u00e9seau lib\u00e9ral africain et de la F\u00e9d\u00e9ration lib\u00e9rale arabe"},"content":{"rendered":"<div readability=\"38\">\n<p>Marrakech \u2013 Les travaux des assembl\u00e9es g\u00e9n\u00e9rales du R\u00e9seau lib\u00e9ral africain (ALN) et de la F\u00e9d\u00e9ration lib\u00e9rale arabe (ALF) se sont ouverts vendredi, \u00e0 Marrakech, en pr\u00e9sence d\u2019\u00e9minents dirigeants lib\u00e9raux, parlementaires et repr\u00e9sentants du continent africain ainsi que des repr\u00e9sentants de la F\u00e9d\u00e9ration lib\u00e9rale de l\u2019Am\u00e9rique latine et celle de l\u2019Asie.<\/p>\n<\/div>\n<div readability=\"90\">\n<p>Organis\u00e9es sous le th\u00e8me \u00ab\u00a0autonomisation des femmes : \u00e0 partir de votre parti politique\u00a0\u00bb, par l\u2019Union constitutionnelle (UC) et le Mouvement populaire (MP), membres du r\u00e9seau lib\u00e9ral en partenariat avec la Fondation Westminster pour la d\u00e9mocratie (WFD), le Parti lib\u00e9ral d\u00e9mocrate britannique (LibDems), la Fondation Friedrich Naumann pour la libert\u00e9 (FFN), l\u2019Internationale lib\u00e9rale (LI), Volkspartij Voor en Democratie (VVD) et Democraten 66 (D66), ces AG offrent l\u2019opportunit\u00e9 de mener des d\u00e9bats politiques de haut niveau, d\u2019\u00e9changer sur les meilleures pratiques et d\u2019examiner les moyens \u00e0 m\u00eame de renforcer leurs r\u00e9seaux respectifs.<\/p>\n<p>Les chefs, les repr\u00e9sentants et d\u00e9l\u00e9gu\u00e9s des partis politiques lib\u00e9rales d\u00e9battront aussi des contributions et r\u00f4les de ces partis dans l\u2019autonomisation des femmes en Afrique et au monde arabe.<\/p>\n<p>Intervenant \u00e0 cette occasion, le Secr\u00e9taire g\u00e9n\u00e9ral du parti de l\u2019Union constitutionnelle (UC), Mohamed Sajid a soulign\u00e9 que cette rencontre offre l\u2019opportunit\u00e9 pour d\u00e9fendre les valeurs port\u00e9es par la famille lib\u00e9rale : les principes de libert\u00e9, de respect des droits de l\u2019Homme, de justice sociale et de d\u00e9mocratie, de responsabilit\u00e9 et pluralisme.<\/p>\n<p>Cette rencontre, qui co\u00efncide avec la Journ\u00e9e mondiale de la femme (08 mars), vise aussi le renforcement des r\u00f4les de la femme aux niveaux social, \u00e9conomique et politique, a-t-il ajout\u00e9.<\/p>\n<p>Les autres intervenants ont mis l\u2019accent sur les d\u00e9fis, dont fait face actuellement le monde : mont\u00e9e en puissance de partis populistes, de l\u2019extr\u00e9misme et du terrorisme, croissance du nombre de r\u00e9fugi\u00e9s et de conflits.<\/p>\n<p>Et de relever que la question de la promotion des droits de la femme n\u2019est pas seulement une question f\u00e9minine mais elle est une affaire de la soci\u00e9t\u00e9 toute enti\u00e8re, notant que l\u2019\u00e9radication de la pauvret\u00e9 dans le monde passe par la cr\u00e9ation de la richesse.<\/p>\n<p>Dans ce sens, ils ont fait remarquer que les partis lib\u00e9raux ont une place privil\u00e9gi\u00e9e dans des pays tels que le Maroc, soulignant que cette rencontre marque le d\u00e9but d\u2019une coop\u00e9ration fructueuse entre l\u2019ALN et l\u2019ALF.<\/p>\n<p>L\u2019ALN et l\u2019ALF se veulent des alliances de partis politiques lib\u00e9raux dans le continent africain et la r\u00e9gion MENA. Ils ont pour vocation de promouvoir les principes lib\u00e9raux d\u00e9mocrates en fournissant une plateforme aux lib\u00e9raux aux vues similaires pour partager des informations, des exp\u00e9riences, des comp\u00e9tences et des id\u00e9es et en dotant leurs partis membres des comp\u00e9tences dont ils ont besoin pour remporter des \u00e9lections et diriger les gouvernements sur la base des valeurs lib\u00e9rales.<\/p>\n<\/div>\n<p>Auteur: Meriem IGASS<br \/>\n<a href=\"http:\/\/www.mapmarrakech.ma\/fr\/marrakech-ouverture-des-ag-du-reseau-liberal-africain-et-de-la-federation-liberale-arabe\/\">Cliquez ici pour lire l&rsquo;article depuis sa source.<\/a><\/p>\n","protected":false},"excerpt":{"rendered":"<p>Marrakech \u2013 Les travaux des assembl\u00e9es g\u00e9n\u00e9rales du R\u00e9seau lib\u00e9ral africain (ALN) et de la F\u00e9d\u00e9ration lib\u00e9rale arabe (ALF) se sont ouverts vendredi, \u00e0 Marrakech, en pr\u00e9sence d\u2019\u00e9minents dirigeants lib\u00e9raux, parlementaires et repr\u00e9sentants du continent africain ainsi que des repr\u00e9sentants de la F\u00e9d\u00e9ration lib\u00e9rale de l\u2019Am\u00e9rique latine et celle de l\u2019Asie. Organis\u00e9es sous le th\u00e8me [&hellip;]<\/p>\n","protected":false},"author":1788,"featured_media":0,"comment_status":"closed","ping_status":"closed","sticky":false,"template":"","format":"standard","meta":{"fifu_image_url":"","fifu_image_alt":"","footnotes":""},"categories":[54,76],"tags":[],"class_list":["post-20368","post","type-post","status-publish","format-standard","hentry","category-maroc","category-regions"],"_links":{"self":[{"href":"https:\/\/linitiative.ca\/International\/wp-json\/wp\/v2\/posts\/20368","targetHints":{"allow":["GET"]}}],"collection":[{"href":"https:\/\/linitiative.ca\/International\/wp-json\/wp\/v2\/posts"}],"about":[{"href":"https:\/\/linitiative.ca\/International\/wp-json\/wp\/v2\/types\/post"}],"author":[{"embeddable":true,"href":"https:\/\/linitiative.ca\/International\/wp-json\/wp\/v2\/users\/1788"}],"replies":[{"embeddable":true,"href":"https:\/\/linitiative.ca\/International\/wp-json\/wp\/v2\/comments?post=20368"}],"version-history":[{"count":0,"href":"https:\/\/linitiative.ca\/International\/wp-json\/wp\/v2\/posts\/20368\/revisions"}],"wp:attachment":[{"href":"https:\/\/linitiative.ca\/International\/wp-json\/wp\/v2\/media?parent=20368"}],"wp:term":[{"taxonomy":"category","embeddable":true,"href":"https:\/\/linitiative.ca\/International\/wp-json\/wp\/v2\/categories?post=20368"},{"taxonomy":"post_tag","embeddable":true,"href":"https:\/\/linitiative.ca\/International\/wp-json\/wp\/v2\/tags?post=20368"}],"curies":[{"name":"wp","href":"https:\/\/api.w.org\/{rel}","templated":true}]}}