{"id":20444,"date":"2019-03-08T05:48:26","date_gmt":"2019-03-08T10:48:26","guid":{"rendered":"https:\/\/linitiative.ca\/International\/lagarde-et-les-finances-publiques-arabes-lecons-a-mediter\/"},"modified":"2019-03-08T05:48:26","modified_gmt":"2019-03-08T10:48:26","slug":"lagarde-et-les-finances-publiques-arabes-lecons-a-mediter","status":"publish","type":"post","link":"https:\/\/linitiative.ca\/International\/lagarde-et-les-finances-publiques-arabes-lecons-a-mediter\/","title":{"rendered":"Lagarde et les finances publiques arabes : le\u00e7ons \u00e0 m\u00e9diter"},"content":{"rendered":"<p class=\"p1\"><span class=\"s2\">Lors d\u2019une intervention \u00e0 Duba\u00ef devant les participants au forum sur les finances publiques dans les pays arabes, <strong>Christine Lagarde<\/strong>, DG du FMI, a montr\u00e9 combien il est important que les politiques des finances publiques jouent un r\u00f4le important pour r\u00e9aliser les objectifs du d\u00e9veloppement durable.\u00a0<\/span><\/p>\n<div class=\"c10\"\/>\n<p class=\"p1\">Elle a su d\u00e9montrer la relation tr\u00e8s profonde entre <em>\u00ab les fondations des politiques de finances publiques et de la bonne gestion budg\u00e9taire. \u00bb<\/em> Ces fondations d\u00e9terminent la cr\u00e9dibilit\u00e9 des politiques et peuvent faire \u00ab vaciller \u00bb les meilleures politiques de finances publiques. Il faut r\u00e9unir des cadres budg\u00e9taires robustes et assurer une bonne gouvernance et une transparence.<\/p>\n<p class=\"p4\"><span class=\"c11\">Des \u00e9conomies et des gestions encore fragiles<\/span><\/p>\n<p class=\"p5\">La <span class=\"s1\">DG du FMI a bross\u00e9 un tableau gris pour d\u00e9crire la situation des \u00e9conomies arabes. Les pays importateurs de p\u00e9trole n\u2019arrivent pas encore \u00e0 enregistrer une croissance suffisante pour retrouver celle enregistr\u00e9e avant la crise de 2008. Les d\u00e9ficits publics se sont aggrav\u00e9s et le volume de la dette publique a connu une \u00e9volution de 21% par rapport au PIB en une d\u00e9cennie. Le niveau d\u2019endettement des 90% du PIB a \u00e9t\u00e9 atteint par beaucoup de pays.<\/span><\/p>\n<p class=\"p5\"><span class=\"s1\">L\u2019autre groupe constitu\u00e9 par les pays exportateurs de p\u00e9trole <em>\u00ab pansent encore leurs plaies apr\u00e8s la brusque chute des cours survenue en 2014. \u00bb<\/em> Ces pays connus pour leurs grands avoirs financiers ont emprunt\u00e9 la voie de l\u2019endettement. Leur dette est pass\u00e9e de 13% du PIB en 2013 \u00e0 33% en 2018. Ils ont, pour la premi\u00e8re fois, ouvert les champs des recettes fiscales domestiques et notamment la TVA pour couvrir une partie des d\u00e9penses publiques. Ces \u00e9volutions s\u2019op\u00e8rent dans un environnement international marqu\u00e9 par un essoufflement en mati\u00e8re de croissance et faisant face \u00e0 beaucoup de zones de risque.<\/span><\/p>\n<p class=\"p4\"><span class=\"c11\">Transparence et corruption<\/span><\/p>\n<p class=\"p5\">Sal<span class=\"s1\">uant l\u2019action de l\u2019\u00c9mir de Duba\u00ef, Christine Lagarde a mis en relief la politique de la prosp\u00e9rit\u00e9 partag\u00e9e qui profite, selon ses dires, aux plus pauvres, \u00e0 la classe moyenne et aux locaux comme aux immigr\u00e9s. C\u2019est un message adress\u00e9 en r\u00e9alit\u00e9 aux d\u00e9cideurs de la r\u00e9gion pour leur rappeler la n\u00e9cessit\u00e9 de mettre en place un \u00ab espace budg\u00e9taire pour les d\u00e9penses de sant\u00e9 et d\u2019\u00e9ducation\u00bb.<\/span><\/p>\n<p class=\"p5\"><span class=\"s1\">La vision du partage de la prosp\u00e9rit\u00e9 <em>\u00ab c\u2019est celle o\u00f9 l\u2019\u00e9quit\u00e9 pr\u00e9vaut sur le n\u00e9potisme et le favoritisme, et o\u00f9 l\u2019action de l\u2019Etat concourt au bien commun en suscitant la confiance des citoyens\u00bb.<\/em> Elle met, par ailleurs, en relief l\u2019importance de la cr\u00e9dibilit\u00e9 budg\u00e9taire en signalant que beaucoup de d\u00e9penses non inscrites au budget sont financ\u00e9es par des fonds souverains, loin du respect des proc\u00e9dures.<\/span><\/p>\n<p class=\"p5\"><span class=\"s1\">Apr\u00e8s avoir soulign\u00e9 l\u2019importance de l\u2019acc\u00e8s aux services publics \u00e0 tous et non pas seulement \u00e0 ceux qui ont des moyens ou des relations, elle a tenu \u00e0 mettre l\u2019accent sur les relations entre l\u2019\u00e9tat de sant\u00e9 des institutions et le degr\u00e9 de p\u00e9n\u00e9tration de la corruption dans les champs de la<\/span> gestion publique.<\/p>\n<div class=\"c18\">\n<fieldset class=\"c17\">\n<legend><strong><span class=\"c12\">Challenge<\/span><span class=\"c13\">news<\/span><\/strong><\/legend>\n<div class=\"c16\">Le meilleur de la r\u00e9daction s\u00e9lectionn\u00e9 par Challenge :<\/p>\n<\/div>\n<\/fieldset>\n<\/div>\n<p>Auteur: Driss Al Andaloussi<br \/>\n<a href=\"https:\/\/www.challenge.ma\/lagarde-et-les-finances-publiques-arabes-lecons-a-mediter-105833\/\">Cliquez ici pour lire l&rsquo;article depuis sa source.<\/a><\/p>\n","protected":false},"excerpt":{"rendered":"<p>Lors d\u2019une intervention \u00e0 Duba\u00ef devant les participants au forum sur les finances publiques dans les pays arabes, Christine Lagarde, DG du FMI, a montr\u00e9 combien il est important que les politiques des finances publiques jouent un r\u00f4le important pour r\u00e9aliser les objectifs du d\u00e9veloppement durable.\u00a0 Elle a su d\u00e9montrer la relation tr\u00e8s profonde entre [&hellip;]<\/p>\n","protected":false},"author":1787,"featured_media":0,"comment_status":"closed","ping_status":"closed","sticky":false,"template":"","format":"standard","meta":{"fifu_image_url":"","fifu_image_alt":"","footnotes":""},"categories":[78,54],"tags":[],"class_list":["post-20444","post","type-post","status-publish","format-standard","hentry","category-economie","category-maroc"],"_links":{"self":[{"href":"https:\/\/linitiative.ca\/International\/wp-json\/wp\/v2\/posts\/20444","targetHints":{"allow":["GET"]}}],"collection":[{"href":"https:\/\/linitiative.ca\/International\/wp-json\/wp\/v2\/posts"}],"about":[{"href":"https:\/\/linitiative.ca\/International\/wp-json\/wp\/v2\/types\/post"}],"author":[{"embeddable":true,"href":"https:\/\/linitiative.ca\/International\/wp-json\/wp\/v2\/users\/1787"}],"replies":[{"embeddable":true,"href":"https:\/\/linitiative.ca\/International\/wp-json\/wp\/v2\/comments?post=20444"}],"version-history":[{"count":0,"href":"https:\/\/linitiative.ca\/International\/wp-json\/wp\/v2\/posts\/20444\/revisions"}],"wp:attachment":[{"href":"https:\/\/linitiative.ca\/International\/wp-json\/wp\/v2\/media?parent=20444"}],"wp:term":[{"taxonomy":"category","embeddable":true,"href":"https:\/\/linitiative.ca\/International\/wp-json\/wp\/v2\/categories?post=20444"},{"taxonomy":"post_tag","embeddable":true,"href":"https:\/\/linitiative.ca\/International\/wp-json\/wp\/v2\/tags?post=20444"}],"curies":[{"name":"wp","href":"https:\/\/api.w.org\/{rel}","templated":true}]}}