{"id":20465,"date":"2019-03-08T16:25:01","date_gmt":"2019-03-08T21:25:01","guid":{"rendered":"https:\/\/linitiative.ca\/International\/tunisie-rached-fourati-nouveau-president-du-conseil-de-surveillance-damen-bank\/"},"modified":"2019-03-08T16:25:01","modified_gmt":"2019-03-08T21:25:01","slug":"tunisie-rached-fourati-nouveau-president-du-conseil-de-surveillance-damen-bank","status":"publish","type":"post","link":"https:\/\/linitiative.ca\/International\/tunisie-rached-fourati-nouveau-president-du-conseil-de-surveillance-damen-bank\/","title":{"rendered":"Tunisie \u2013 Rached Fourati nouveau Pr\u00e9sident du Conseil de Surveillance d\u2019AMEN BANK"},"content":{"rendered":"<div class=\"post-cont-in left relative\">\n<div class=\"nc_socialPanel swp_flatFresh swp_d_fullColor swp_i_fullColor swp_o_fullColor scale-100 scale-fullWidth\" data-position=\"none\" data-float=\"floatNone\" data-count=\"5\" data-floatcolor=\"#ffffff\" data-emphasize=\"0\">\n<div class=\"nc_tweetContainer totes totesalt\" data-id=\"6\"><span class=\"swp_count\"><span class=\"swp_label\">Partages<\/span> 4<\/span><\/div>\n<\/div>\n<p>Le Conseil de Surveillance d\u2019AMEN BANK qui s\u2019est r\u00e9uni le 7 f\u00e9vrier 2019 a d\u00e9sign\u00e9 M. Rached Fourati en qualit\u00e9 de Pr\u00e9sident du Conseil.<\/p>\n<p>Monsieur Rached Fourati prend ainsi le relais de feu Rachid Ben Yedder, le doyen des Banquiers Tunisiens, qui a tenu les r\u00eanes d\u2019AMEN BANK depuis novembre 1971 et qui, gr\u00e2ce \u00e0 son exp\u00e9rience, sa clairvoyance, sa rigueur d\u00e9ontologique et sa grande culture financi\u00e8re, a su placer la Banque sur la bonne orbite.<\/p>\n<div class=\"code-block code-block-1 c3\"><ins class=\"adsbygoogle c2\" data-ad-layout=\"in-article\" data-ad-format=\"fluid\" data-ad-client=\"ca-pub-2102118777505746\" data-ad-slot=\"7301775417\"\/> <\/div>\n<p>Nul doute que M. Rached Fourati, dont la comp\u00e9tence, l\u2019int\u00e9grit\u00e9 et le savoir-faire ne sont plus \u00e0 d\u00e9montrer, ne manquera pas de poursuivre sur la m\u00eame voie trac\u00e9e par son illustre pr\u00e9d\u00e9cesseur.<\/p>\n<p>Rached Fourati, qui assurait depuis 2013 la Vice-pr\u00e9sidence du Conseil de Surveillance d\u2019AMEN BANK, est \u00e9galement Pr\u00e9sident du Cabinet d\u2019\u00e9tudes FIDAL TUNISIE. Il est le fondateur du Cabinet KPMG TUNISIE \u2013 Audit et conseil et est d\u00e9tenteur de la Licence es-Sciences Economiques et du DES en Sciences Economiques de la Facult\u00e9 de Droit et des Sciences Economiques de Paris, du dipl\u00f4me de l\u2019Economics Institute (Colorado \u2013 USA) et du Dipl\u00f4me d\u2019Expertise Comptable de l\u2019Etat Fran\u00e7ais.<\/p>\n<p>Selon Communiqu\u00e9<\/p>\n<div class=\"mvp-org-wrap mvp-org-logo\" itemprop=\"publisher\" itemscope=\"\" itemtype=\"https:\/\/schema.org\/Organization\"><img decoding=\"async\" src=\"https:\/\/www.tunisienumerique.com\/wp-content\/uploads\/2017\/02\/logo_tunisie_numerique.png\"\/><\/div>\n<div class=\"nc_socialPanel swp_flatFresh swp_d_fullColor swp_i_fullColor swp_o_fullColor scale-100 scale-fullWidth\" data-position=\"none\" data-float=\"floatNone\" data-count=\"5\" data-floatcolor=\"#ffffff\" data-emphasize=\"0\">\n<div class=\"nc_tweetContainer totes totesalt\" data-id=\"6\"><span class=\"swp_count\"><span class=\"swp_label\">Partages<\/span> 4<\/span><\/div>\n<\/div>\n<div class=\"mvp-related-posts left relative\">\n<h4 class=\"post-header\"><span class=\"post-header\">Lire aussi<\/span><\/h4>\n<\/div>\n<\/div>\n<p>Auteur: LM<br \/>\n<a href=\"https:\/\/www.tunisienumerique.com\/tunisie-rached-fourati-nouveau-president-du-conseil-de-surveillance-damen-bank\/\">Cliquez ici pour lire l&rsquo;article depuis sa source.<\/a><\/p>\n","protected":false},"excerpt":{"rendered":"<p>Partages 4 Le Conseil de Surveillance d\u2019AMEN BANK qui s\u2019est r\u00e9uni le 7 f\u00e9vrier 2019 a d\u00e9sign\u00e9 M. Rached Fourati en qualit\u00e9 de Pr\u00e9sident du Conseil. Monsieur Rached Fourati prend ainsi le relais de feu Rachid Ben Yedder, le doyen des Banquiers Tunisiens, qui a tenu les r\u00eanes d\u2019AMEN BANK depuis novembre 1971 et qui, [&hellip;]<\/p>\n","protected":false},"author":1789,"featured_media":20466,"comment_status":"closed","ping_status":"closed","sticky":false,"template":"","format":"standard","meta":{"fifu_image_url":"","fifu_image_alt":"","footnotes":""},"categories":[73,55],"tags":[],"class_list":["post-20465","post","type-post","status-publish","format-standard","has-post-thumbnail","hentry","category-actualite","category-tunisie"],"_links":{"self":[{"href":"https:\/\/linitiative.ca\/International\/wp-json\/wp\/v2\/posts\/20465","targetHints":{"allow":["GET"]}}],"collection":[{"href":"https:\/\/linitiative.ca\/International\/wp-json\/wp\/v2\/posts"}],"about":[{"href":"https:\/\/linitiative.ca\/International\/wp-json\/wp\/v2\/types\/post"}],"author":[{"embeddable":true,"href":"https:\/\/linitiative.ca\/International\/wp-json\/wp\/v2\/users\/1789"}],"replies":[{"embeddable":true,"href":"https:\/\/linitiative.ca\/International\/wp-json\/wp\/v2\/comments?post=20465"}],"version-history":[{"count":0,"href":"https:\/\/linitiative.ca\/International\/wp-json\/wp\/v2\/posts\/20465\/revisions"}],"wp:featuredmedia":[{"embeddable":true,"href":"https:\/\/linitiative.ca\/International\/wp-json\/"}],"wp:attachment":[{"href":"https:\/\/linitiative.ca\/International\/wp-json\/wp\/v2\/media?parent=20465"}],"wp:term":[{"taxonomy":"category","embeddable":true,"href":"https:\/\/linitiative.ca\/International\/wp-json\/wp\/v2\/categories?post=20465"},{"taxonomy":"post_tag","embeddable":true,"href":"https:\/\/linitiative.ca\/International\/wp-json\/wp\/v2\/tags?post=20465"}],"curies":[{"name":"wp","href":"https:\/\/api.w.org\/{rel}","templated":true}]}}