{"id":20481,"date":"2019-03-08T14:50:02","date_gmt":"2019-03-08T19:50:02","guid":{"rendered":"https:\/\/linitiative.ca\/International\/espagne-greve-feministe-et-manifestations-massives-pour-le-8-mars\/"},"modified":"2019-03-08T14:50:02","modified_gmt":"2019-03-08T19:50:02","slug":"espagne-greve-feministe-et-manifestations-massives-pour-le-8-mars","status":"publish","type":"post","link":"https:\/\/linitiative.ca\/International\/espagne-greve-feministe-et-manifestations-massives-pour-le-8-mars\/","title":{"rendered":"Espagne: gr\u00e8ve f\u00e9ministe et manifestations massives pour le 8 mars"},"content":{"rendered":"<div readability=\"32\">\n<p>Publi\u00e9 le 08.03.2019 \u00e0 20h50 par AFP<\/p>\n<\/div>\n<div readability=\"153\">\n<p>Pour la deuxi\u00e8me ann\u00e9e cons\u00e9cutive, l\u2019Espagne a c\u00e9l\u00e9br\u00e9 vendredi le 8 mars avec une \u00ab\u00a0gr\u00e8ve f\u00e9ministe\u00a0\u00bb et des manifestations massives \u00e0 Madrid et Barcelone, alors que le sujet a pris une forte dimension politique \u00e0 quelques semaines des \u00e9lections l\u00e9gislatives du 28 avril.<\/p>\n<p>Dans la capitale espagnole et dans la m\u00e9tropole catalane, au moins des dizaines de milliers de personnes manifestaient en fin de journ\u00e9e.<\/p>\n<p>\u00ab\u00a0Combien de femmes occupent de hautes fonctions ? Tr\u00e8s peu. Et ce n\u2019est pas car elles ne sont pas bien form\u00e9es, c\u2019est parce que l\u2019\u00e9galit\u00e9 n\u2019existe toujours pas\u00a0\u00bb, a d\u00e9nonc\u00e9 Maria Nu\u00f1ez, retrait\u00e9e de 70 ans, \u00e0 Barcelone.<\/p>\n<p>A Madrid, une mar\u00e9e violette, couleur du f\u00e9minisme, d\u00e9filait en promettant que la ville serait \u00ab\u00a0la tombe du machisme\u00a0\u00bb.<\/p>\n<p>Clara Lopez, 29 ans, y portait une pancarte disant \u00ab\u00a0je choisis comment je m\u2019habille et avec qui je me d\u00e9shabille\u00a0\u00bb.<\/p>\n<p>\u00ab\u00a0Si nous nous arr\u00eatons, le monde s\u2019arr\u00eate\u00a0\u00bb. Avec ce slogan pour mot d\u2019ordre, les Espagnoles avaient observ\u00e9 auparavant tout au long de la journ\u00e9e des arr\u00eats de travail d\u2019au moins deux heures.<\/p>\n<p>Et un an apr\u00e8s une premi\u00e8re \u00ab\u00a0gr\u00e8ve f\u00e9ministe\u00a0\u00bb qui avait mobilis\u00e9 des millions de personnes \u00e0 travers le pays, le mouvement a \u00e9t\u00e9 de nouveau tr\u00e8s suivi. Selon le syndicat UGT, plus de six millions de \u00ab\u00a0travailleurs et travailleuses\u00a0\u00bb ont fait gr\u00e8ve.<\/p>\n<p>Le 8 mars a \u00e9t\u00e9 marqu\u00e9 par d\u2019autres manifestations \u00e0 travers le monde. En Gr\u00e8ce, un arr\u00eat de travail de trois heures a \u00e9t\u00e9 observ\u00e9 dans de nombreuses administrations, une premi\u00e8re, tandis qu\u2019en France, des milliers de personnes se sont rassembl\u00e9es dans plusieurs villes.<\/p>\n<p>A Istanbul, la police turque a tir\u00e9 des gaz lacrymog\u00e8nes contre des milliers de femmes rassembl\u00e9es dans le centre de la ville en d\u00e9pit d\u2019une interdiction de manifester.<\/p>\n<p>\u2013 \u2018Espagne f\u00e9ministe\u2019 \u2013<\/p>\n<p>Comme l\u2019an dernier, des personnalit\u00e9s se sont aussi mises en gr\u00e8ve en Espagne comme la maire de gauche de Madrid, Manuela Carmena, et de nombreuses journalistes \u00e0 l\u2019image de Pepa Bueno, la voix de la matinale de la radio Cadena SER.<\/p>\n<p><ins data-revive-zoneid=\"9\" data-revive-id=\"10111e19d28d19d031742ee3b0b33eb0\"\/> <\/p>\n<p>A Madrid, plusieurs ministres du gouvernement socialiste de Pedro Sanchez, le plus f\u00e9minin de l\u2019histoire du pays, \u00e9taient en t\u00eate du cort\u00e8ge.<\/p>\n<p>\u00ab\u00a0Nous voulons une Espagne f\u00e9ministe. Car c\u2019est seulement gr\u00e2ce au f\u00e9minisme que nous en finirons avec la violence machiste et que nous obtiendrons l\u2019\u00e9galit\u00e9 r\u00e9elle\u00a0\u00bb, a insist\u00e9 sur Twitter Pedro Sanchez.<\/p>\n<p>Au Pays Basque \u2013 o\u00f9 30.000 personnes ont manifest\u00e9 \u00e0 Bilbao selon la police locale -, la session du parlement r\u00e9gional a m\u00eame d\u00fb \u00eatre suspendue faute de quorum, en l\u2019absence de la plupart des d\u00e9put\u00e9es.<\/p>\n<p>\u2013 Bataille politique \u2013<\/p>\n<p>Alors que le sujet \u00e9tait consensuel ces derni\u00e8res ann\u00e9es, des dissensions sont apparues r\u00e9cemment dans le pays.<\/p>\n<p>A droite, le Parti populaire, premier parti d\u2019opposition \u00e0 Pedro Sanchez, ne s\u2019est pas associ\u00e9 aux manifestations, accusant la gauche d\u2019instrumentaliser la cause de l\u2019\u00e9galit\u00e9.<\/p>\n<p>L\u2019extr\u00eame droite, qui a fait une perc\u00e9e r\u00e9cente avec le parti Vox, a fait pour sa part de l\u2019antif\u00e9minisme l\u2019un de ses chevaux de bataille.<\/p>\n<p>Dans ce contexte, une plateforme regroupant des associations catholiques et anti-IVG a convoqu\u00e9 dimanche \u00e0 Madrid une contre-manifestation tandis que l\u2019association catholique ultraconservatrice Hazte Oir (\u00ab\u00a0Fais-toi entendre\u00a0\u00bb) faisait circuler un bus comparant les f\u00e9ministes aux nazis, agr\u00e9ment\u00e9 d\u2019un montage photo de Hitler maquill\u00e9, un logo f\u00e9ministe violet sur la casquette.<\/p>\n<p>\u00ab\u00a0L\u2019an dernier, les d\u00e9cisions judiciaires ont \u00e9t\u00e9 le d\u00e9tonateur, la rage qui a entra\u00een\u00e9 la mobilisation. Le message s\u2019adressait au pouvoir judiciaire\u00a0\u00bb, a soulign\u00e9 Anna Bosch, c\u00e9l\u00e8bre journaliste en gr\u00e8ve de la t\u00e9l\u00e9vision publique, en r\u00e9f\u00e9rence \u00e0 l\u2019affaire de \u00ab\u00a0la Meute\u00a0\u00bb, dans laquelle cinq hommes avaient \u00e9t\u00e9 condamn\u00e9s pour avoir abus\u00e9 d\u2019une jeune femme mais sans que la qualification de viol ne soit retenue.<\/p>\n<p>Mais \u00ab\u00a0cette ann\u00e9e, le message s\u2019adresse aux leaders politiques\u00a0\u00bb, a-t-elle ajout\u00e9 en d\u00e9non\u00e7ant les \u00ab\u00a0positions clairement r\u00e9trogrades\u00a0\u00bb de Vox ou du num\u00e9ro un du PP, Pablo Casado.<\/p>\n<\/div>\n<p>Auteur: AFP<br \/>\n<a href=\"https:\/\/www.journalducameroun.com\/espagne-greve-feministe-et-manifestations-massives-pour-le-8-mars\/\">Cliquez ici pour lire l&rsquo;article depuis sa source.<\/a><\/p>\n","protected":false},"excerpt":{"rendered":"<p>Publi\u00e9 le 08.03.2019 \u00e0 20h50 par AFP Pour la deuxi\u00e8me ann\u00e9e cons\u00e9cutive, l\u2019Espagne a c\u00e9l\u00e9br\u00e9 vendredi le 8 mars avec une \u00ab\u00a0gr\u00e8ve f\u00e9ministe\u00a0\u00bb et des manifestations massives \u00e0 Madrid et Barcelone, alors que le sujet a pris une forte dimension politique \u00e0 quelques semaines des \u00e9lections l\u00e9gislatives du 28 avril. Dans la capitale espagnole et [&hellip;]<\/p>\n","protected":false},"author":1965,"featured_media":0,"comment_status":"closed","ping_status":"closed","sticky":false,"template":"","format":"standard","meta":{"fifu_image_url":"","fifu_image_alt":"","footnotes":""},"categories":[73,82],"tags":[],"class_list":["post-20481","post","type-post","status-publish","format-standard","hentry","category-actualite","category-cameroun"],"_links":{"self":[{"href":"https:\/\/linitiative.ca\/International\/wp-json\/wp\/v2\/posts\/20481","targetHints":{"allow":["GET"]}}],"collection":[{"href":"https:\/\/linitiative.ca\/International\/wp-json\/wp\/v2\/posts"}],"about":[{"href":"https:\/\/linitiative.ca\/International\/wp-json\/wp\/v2\/types\/post"}],"author":[{"embeddable":true,"href":"https:\/\/linitiative.ca\/International\/wp-json\/wp\/v2\/users\/1965"}],"replies":[{"embeddable":true,"href":"https:\/\/linitiative.ca\/International\/wp-json\/wp\/v2\/comments?post=20481"}],"version-history":[{"count":0,"href":"https:\/\/linitiative.ca\/International\/wp-json\/wp\/v2\/posts\/20481\/revisions"}],"wp:attachment":[{"href":"https:\/\/linitiative.ca\/International\/wp-json\/wp\/v2\/media?parent=20481"}],"wp:term":[{"taxonomy":"category","embeddable":true,"href":"https:\/\/linitiative.ca\/International\/wp-json\/wp\/v2\/categories?post=20481"},{"taxonomy":"post_tag","embeddable":true,"href":"https:\/\/linitiative.ca\/International\/wp-json\/wp\/v2\/tags?post=20481"}],"curies":[{"name":"wp","href":"https:\/\/api.w.org\/{rel}","templated":true}]}}