{"id":20482,"date":"2019-03-08T14:50:03","date_gmt":"2019-03-08T19:50:03","guid":{"rendered":"https:\/\/linitiative.ca\/International\/gaza-un-palestinien-tue-par-des-tirs-israeliens-lors-daffrontements\/"},"modified":"2019-03-08T14:50:03","modified_gmt":"2019-03-08T19:50:03","slug":"gaza-un-palestinien-tue-par-des-tirs-israeliens-lors-daffrontements","status":"publish","type":"post","link":"https:\/\/linitiative.ca\/International\/gaza-un-palestinien-tue-par-des-tirs-israeliens-lors-daffrontements\/","title":{"rendered":"Gaza: un Palestinien tu\u00e9 par des tirs isra\u00e9liens lors d\u2019affrontements"},"content":{"rendered":"<div readability=\"32\">\n<p>Publi\u00e9 le 08.03.2019 \u00e0 20h50 par AFP<\/p>\n<\/div>\n<div readability=\"100\">\n<p>Un Palestinien a \u00e9t\u00e9 tu\u00e9 vendredi par des tirs isra\u00e9liens lors de manifestations et de heurts le long de la fronti\u00e8re entre la bande de Gaza et Isra\u00ebl, selon le minist\u00e8re de la Sant\u00e9 gazaoui.<\/p>\n<p>Tamer Arafat, 23 ans, a succomb\u00e9 \u00e0 ses blessures apr\u00e8s avoir \u00e9t\u00e9 gri\u00e8vement touch\u00e9 \u00e0 la t\u00eate lors des affrontements \u00e0 l\u2019est de Rafah, a indiqu\u00e9 Achraf al-Qodra, le porte-parole du minist\u00e8re de la Sant\u00e9 du mouvement islamiste Hamas, au pouvoir dans la bande de Gaza.<\/p>\n<p>Selon ce porte-parole, au moins 45 Palestiniens, dont deux femmes et 15 enfants ont \u00e9t\u00e9 bless\u00e9s par des tirs isra\u00e9liens lors de ces affrontements.<\/p>\n<p>Quatre membres des \u00e9quipes m\u00e9dicales comptent au nombre des personnes bless\u00e9es au cinquanti\u00e8me vendredi de la protestation commenc\u00e9e en 2018, a affirm\u00e9 Achraf al-Qodra.<\/p>\n<p>Un porte-parole de l\u2019arm\u00e9e isra\u00e9lienne a indiqu\u00e9 qu\u2019environ 8.400 Palestiniens avaient pris part, pour certains violemment, \u00e0 la protestation en diff\u00e9rents points de la fronti\u00e8re.<\/p>\n<p>Certains ont lanc\u00e9 des engins explosifs et des pierres vers les soldats post\u00e9s sur la barri\u00e8re frontali\u00e8re de plusieurs m\u00e8tres de haut, a-t-il dit. Certains Palestiniens ont tent\u00e9 de s\u2019infiltrer en Isra\u00ebl, a-t-il pr\u00e9cis\u00e9.<\/p>\n<p>Il a ajout\u00e9 de pas avoir de d\u00e9tail sur les circonstances de la mort du Palestinien, indiquant que les soldats avaient ripost\u00e9 \u00ab\u00a0selon les proc\u00e9dures op\u00e9rationnelles en vigueur\u00a0\u00bb.<\/p>\n<p>En d\u00e9but de soir\u00e9e vendredi, l\u2019arm\u00e9e isra\u00e9lienne a fait \u00e9tat d\u2019un tir de projectile depuis la bande de Gaza sur Isra\u00ebl.<\/p>\n<p><ins data-revive-zoneid=\"9\" data-revive-id=\"10111e19d28d19d031742ee3b0b33eb0\"\/> <\/p>\n<p>Interrog\u00e9 par l\u2019AFP un porte-parole militaire a dit de pas \u00eatre en mesure de pr\u00e9ciser s\u2019il s\u2019agissait d\u2019une roquette ou d\u2019un tir de mortier. Selon lui, le projectile s\u2019\u00e9tait abattu sur une zone vide.<\/p>\n<p>La bande de Gaza, coinc\u00e9e entre Isra\u00ebl, l\u2019Egypte et la M\u00e9diterran\u00e9e et \u00e9prouv\u00e9e par les guerres, la pauvret\u00e9 et les blocus isra\u00e9lien et \u00e9gyptien, est le th\u00e9\u00e2tre depuis mars 2018 de protestations hebdomadaires, g\u00e9n\u00e9ralement accompagn\u00e9es de violences, le long de la fronti\u00e8re.<\/p>\n<p>Au moins 253 Palestiniens ont \u00e9t\u00e9 tu\u00e9s par des tirs isra\u00e9liens depuis cette date, la grande majorit\u00e9 le long de la fronti\u00e8re, et les autres dans des frappes isra\u00e9liennes en repr\u00e9sailles \u00e0 des actes hostiles en provenance de l\u2019enclave gouvern\u00e9e par le mouvement islamiste Hamas.<\/p>\n<p>Deux soldats isra\u00e9liens ont \u00e9t\u00e9 tu\u00e9s depuis cette date.<\/p>\n<p>L\u2019arm\u00e9e isra\u00e9lienne affirme ne faire que d\u00e9fendre sa fronti\u00e8re et son territoire. Elle accuse le Hamas d\u2019orchestrer la contestation et de servir de celle-ci pour des agissements hostiles contre Isra\u00ebl.<\/p>\n<p>Isra\u00ebl et le Hamas se sont livr\u00e9 trois guerres depuis 2008.<\/p>\n<\/div>\n<p>Auteur: AFP<br \/>\n<a href=\"https:\/\/www.journalducameroun.com\/gaza-un-palestinien-tue-par-des-tirs-israeliens-lors-daffrontements\/\">Cliquez ici pour lire l&rsquo;article depuis sa source.<\/a><\/p>\n","protected":false},"excerpt":{"rendered":"<p>Publi\u00e9 le 08.03.2019 \u00e0 20h50 par AFP Un Palestinien a \u00e9t\u00e9 tu\u00e9 vendredi par des tirs isra\u00e9liens lors de manifestations et de heurts le long de la fronti\u00e8re entre la bande de Gaza et Isra\u00ebl, selon le minist\u00e8re de la Sant\u00e9 gazaoui. Tamer Arafat, 23 ans, a succomb\u00e9 \u00e0 ses blessures apr\u00e8s avoir \u00e9t\u00e9 gri\u00e8vement [&hellip;]<\/p>\n","protected":false},"author":1965,"featured_media":0,"comment_status":"closed","ping_status":"closed","sticky":false,"template":"","format":"standard","meta":{"fifu_image_url":"","fifu_image_alt":"","footnotes":""},"categories":[73,82],"tags":[],"class_list":["post-20482","post","type-post","status-publish","format-standard","hentry","category-actualite","category-cameroun"],"_links":{"self":[{"href":"https:\/\/linitiative.ca\/International\/wp-json\/wp\/v2\/posts\/20482","targetHints":{"allow":["GET"]}}],"collection":[{"href":"https:\/\/linitiative.ca\/International\/wp-json\/wp\/v2\/posts"}],"about":[{"href":"https:\/\/linitiative.ca\/International\/wp-json\/wp\/v2\/types\/post"}],"author":[{"embeddable":true,"href":"https:\/\/linitiative.ca\/International\/wp-json\/wp\/v2\/users\/1965"}],"replies":[{"embeddable":true,"href":"https:\/\/linitiative.ca\/International\/wp-json\/wp\/v2\/comments?post=20482"}],"version-history":[{"count":0,"href":"https:\/\/linitiative.ca\/International\/wp-json\/wp\/v2\/posts\/20482\/revisions"}],"wp:attachment":[{"href":"https:\/\/linitiative.ca\/International\/wp-json\/wp\/v2\/media?parent=20482"}],"wp:term":[{"taxonomy":"category","embeddable":true,"href":"https:\/\/linitiative.ca\/International\/wp-json\/wp\/v2\/categories?post=20482"},{"taxonomy":"post_tag","embeddable":true,"href":"https:\/\/linitiative.ca\/International\/wp-json\/wp\/v2\/tags?post=20482"}],"curies":[{"name":"wp","href":"https:\/\/api.w.org\/{rel}","templated":true}]}}