{"id":20483,"date":"2019-03-08T15:50:01","date_gmt":"2019-03-08T20:50:01","guid":{"rendered":"https:\/\/linitiative.ca\/International\/irak-deux-morts-dans-lexplosion-dune-voiture-piegee-devant-un-restaurant\/"},"modified":"2019-03-08T15:50:01","modified_gmt":"2019-03-08T20:50:01","slug":"irak-deux-morts-dans-lexplosion-dune-voiture-piegee-devant-un-restaurant","status":"publish","type":"post","link":"https:\/\/linitiative.ca\/International\/irak-deux-morts-dans-lexplosion-dune-voiture-piegee-devant-un-restaurant\/","title":{"rendered":"Irak: deux morts dans l\u2019explosion d\u2019une voiture pi\u00e9g\u00e9e devant un restaurant"},"content":{"rendered":"<div readability=\"32\">\n<p>Publi\u00e9 le 08.03.2019 \u00e0 21h50 par AFP<\/p>\n<\/div>\n<div readability=\"65\">\n<p>Deux personnes ont \u00e9t\u00e9 tu\u00e9es vendredi dans l\u2019explosion d\u2019une voiture pi\u00e9g\u00e9e devant un restaurant \u00e0 Mossoul, dans le nord de l\u2019Irak, selon des sources de s\u00e9curit\u00e9 irakiennes.<\/p>\n<p>\u00ab\u00a0Une jeune femme et un officier de s\u00e9curit\u00e9 ont \u00e9t\u00e9 tu\u00e9s dans cette attaque terroriste et dix autres personnes ont \u00e9t\u00e9 bless\u00e9es\u00a0\u00bb, a indiqu\u00e9 la cellule de communication de l\u2019arm\u00e9e irakienne, pr\u00e9cisant que la voiture a explos\u00e9 devant un restaurant du quartier al-Mouthanna dans l\u2019est de la ville.<\/p>\n<p>Les forces gouvernementales irakiennes ont repris Mossoul, ex-fief des jihadistes du groupe Etat islamique (EI) en Irak, en 2017, Bagdad proclamant sa victoire sur cette organisation ultraradicale qui avait proclam\u00e9 en 2014 son \u00ab\u00a0califat\u00a0\u00bb en Irak et en Syrie.<\/p>\n<p>Mais les attaques et attentats continuent \u00e0 secouer cette grande ville du nord de l\u2019Irak.<\/p>\n<p>La semaine derni\u00e8re, une voiture pi\u00e9g\u00e9e a explos\u00e9 pr\u00e8s de l\u2019Universit\u00e9 de Mossoul tuant une personne et en blessant 13 autres.<\/p>\n<p><ins data-revive-zoneid=\"9\" data-revive-id=\"10111e19d28d19d031742ee3b0b33eb0\"\/> <\/p>\n<p>Mercredi, six membres d\u2019une unit\u00e9 paramilitaire chiite ont \u00e9t\u00e9 tu\u00e9s et 31 autres bless\u00e9s dans une embuscade sur une route d\u00e9serte au sud de cette ville.<\/p>\n<p>Cette attaque n\u2019a pas \u00e9t\u00e9 revendiqu\u00e9e.<\/p>\n<p>Les autorit\u00e9s irakiennes craignent que des jihadistes fuyant la Syrie s\u2019infiltrent en Irak \u00e0 travers la fronti\u00e8re poreuse alors que l\u2019EI est sur le point de s\u2019effondrer dans ce pays en guerre.<\/p>\n<\/div>\n<p>Auteur: AFP<br \/>\n<a href=\"https:\/\/www.journalducameroun.com\/irak-deux-morts-dans-lexplosion-dune-voiture-piegee-devant-un-restaurant\/\">Cliquez ici pour lire l&rsquo;article depuis sa source.<\/a><\/p>\n","protected":false},"excerpt":{"rendered":"<p>Publi\u00e9 le 08.03.2019 \u00e0 21h50 par AFP Deux personnes ont \u00e9t\u00e9 tu\u00e9es vendredi dans l\u2019explosion d\u2019une voiture pi\u00e9g\u00e9e devant un restaurant \u00e0 Mossoul, dans le nord de l\u2019Irak, selon des sources de s\u00e9curit\u00e9 irakiennes. \u00ab\u00a0Une jeune femme et un officier de s\u00e9curit\u00e9 ont \u00e9t\u00e9 tu\u00e9s dans cette attaque terroriste et dix autres personnes ont \u00e9t\u00e9 [&hellip;]<\/p>\n","protected":false},"author":1965,"featured_media":0,"comment_status":"closed","ping_status":"closed","sticky":false,"template":"","format":"standard","meta":{"fifu_image_url":"","fifu_image_alt":"","footnotes":""},"categories":[73,82],"tags":[],"class_list":["post-20483","post","type-post","status-publish","format-standard","hentry","category-actualite","category-cameroun"],"_links":{"self":[{"href":"https:\/\/linitiative.ca\/International\/wp-json\/wp\/v2\/posts\/20483","targetHints":{"allow":["GET"]}}],"collection":[{"href":"https:\/\/linitiative.ca\/International\/wp-json\/wp\/v2\/posts"}],"about":[{"href":"https:\/\/linitiative.ca\/International\/wp-json\/wp\/v2\/types\/post"}],"author":[{"embeddable":true,"href":"https:\/\/linitiative.ca\/International\/wp-json\/wp\/v2\/users\/1965"}],"replies":[{"embeddable":true,"href":"https:\/\/linitiative.ca\/International\/wp-json\/wp\/v2\/comments?post=20483"}],"version-history":[{"count":0,"href":"https:\/\/linitiative.ca\/International\/wp-json\/wp\/v2\/posts\/20483\/revisions"}],"wp:attachment":[{"href":"https:\/\/linitiative.ca\/International\/wp-json\/wp\/v2\/media?parent=20483"}],"wp:term":[{"taxonomy":"category","embeddable":true,"href":"https:\/\/linitiative.ca\/International\/wp-json\/wp\/v2\/categories?post=20483"},{"taxonomy":"post_tag","embeddable":true,"href":"https:\/\/linitiative.ca\/International\/wp-json\/wp\/v2\/tags?post=20483"}],"curies":[{"name":"wp","href":"https:\/\/api.w.org\/{rel}","templated":true}]}}