{"id":20498,"date":"2019-03-08T06:43:51","date_gmt":"2019-03-08T11:43:51","guid":{"rendered":"https:\/\/linitiative.ca\/International\/malversations-la-corruption-monte-en-grade-a-la-douane-camerounaise\/"},"modified":"2019-03-08T06:43:51","modified_gmt":"2019-03-08T11:43:51","slug":"malversations-la-corruption-monte-en-grade-a-la-douane-camerounaise","status":"publish","type":"post","link":"https:\/\/linitiative.ca\/International\/malversations-la-corruption-monte-en-grade-a-la-douane-camerounaise\/","title":{"rendered":"Malversations: la corruption  monte en grade \u00e0 la Douane camerounaise"},"content":{"rendered":"<p>Ce n\u2019est peut-\u00eatre pas encore la purge totale, mais les prochains jours seront certainement difficiles pour les agents v\u00e9reux en service au minist\u00e8re des Finances et ses d\u00e9membrements. Comme l\u2019avait annonc\u00e9 <strong>Louis Paul Motaze<\/strong>, le patron des Finances, en janvier dernier, lors de la conf\u00e9rence annuelle des services centraux, d\u00e9concentr\u00e9s et ext\u00e9rieurs de son d\u00e9partement minist\u00e9riel, une lutte sans merci sera men\u00e9e contre tous ceux des agents qui seront jug\u00e9s coupables de comportements contraires \u00e0 l\u2019\u00e9thique et \u00e0 la d\u00e9ontologie professionnelles. Et les premi\u00e8res victimes de cette op\u00e9ration d\u2019assainissement des m\u0153urs\u00a0 au <strong>Minfi<\/strong> sont certainement ces cinq agents de la direction g\u00e9n\u00e9rale des Douanes qui viennent d\u2019\u00eatre suspendus de leurs fonctions pendant une p\u00e9riode de trois mois \u00e0 compter du 12 f\u00e9vrier 2019, date de la signature de cette d\u00e9cision.<\/p>\n<hr\/>\n<h4><strong>>> Lire aussi \u2013 <a title=\"Commerce illicite: dans la spirale de la contrebande\" href=\"https:\/\/ecomatin.net\/commerce-illicite-dans-la-spirale-de-la-contrebande\/\" target=\"_blank\" rel=\"noopener\">Commerce illicite: dans la spirale de la contrebande<\/a><br \/><\/strong><\/h4>\n<hr\/>\n<p>Il s\u2019agit notamment des nomm\u00e9s <strong>Akono Abomo<\/strong>, contr\u00f4leur adjoint des Douanes, en cours d\u2019int\u00e9gration, en service \u00e0 la brigade commerciale des Douanes, d\u2019Abang Minko\u2019o, dans le secteur des Douanes du Sud\u00a0; <strong>Zal Mezal Miche<\/strong>l, pr\u00e9pos\u00e9 des Douanes en cours d\u2019int\u00e9gration, en service \u00e0 la brigade mobile des Douanes d\u2019Ebolowa dans le secteur des Douanes du Sud\u00a0;\u00a0 <strong>Djimgou Rom\u00e9o<\/strong>, brigadier des Douanes en cours d\u2019int\u00e9gration, en service \u00e0 la brigade commerciale des Douanes de Kye-Ossi, dans le secteur des Douanes du Sud\u00a0; <strong>Spans Mimbang Calvin<\/strong>, commis des Douanes, en cours d\u2019int\u00e9gration, en service au poste des Douanes de L\u00e9l\u00e9 dans le secteur des Douanes du Sud et enfin <strong>Mbanchi Godwill<\/strong>, brigadier des Douanes, matricule P-029\u00a0619, en service \u00e0 la brigade mobile d\u2019Ambam, dans le secteur des Douanes du Sud. Pendant cette dur\u00e9e de suspension, pr\u00e9cisent les d\u00e9cisions du Minfi, les int\u00e9ress\u00e9s cesseront de se rendre \u00e0 leurs lieux de travail respectifs et perdront chacun le b\u00e9n\u00e9fice de sa solde. En rappel, lors de la conf\u00e9rence annuelle des services centraux, d\u00e9concentr\u00e9s et ext\u00e9rieurs de son d\u00e9partement minist\u00e9riel, Louis Paul Motaze s\u2019\u00e9tait dit surpris par la position qu\u2019occupait son d\u00e9partement minist\u00e9riel dans le classement de l\u2019indice de perception de la corruption.<\/p>\n<hr\/>\n<h4><strong>>> Lire aussi \u2013 <a title=\"Commerce ext\u00e9rieur: l\u2019apurement des cautions divise la douane et les banques\" href=\"https:\/\/ecomatin.net\/commerce-exterieur-lapurement-des-cautions-divise-la-douane-et-les-banques\/\" target=\"_blank\" rel=\"noopener\">Commerce ext\u00e9rieur: l\u2019apurement des cautions divise la douane et les banques<\/a><br \/><\/strong><\/h4>\n<hr\/>\n<p>En effet, cet indice qui classait les administrations publiques les plus corrompues au Cameroun, dans le rapport 2017 de la Commission Nationale Anti-corruption (<strong>Conac<\/strong>) dont les r\u00e9sultats ont \u00e9t\u00e9 publi\u00e9s le 28 d\u00e9cembre 2018 au palais des Congr\u00e8s de Yaound\u00e9, le minist\u00e8re des Finances, notamment les services centraux, avec une moyenne de 07,2\/10, arrivait \u00e0 la seconde place des administrations publiques les corrompues derri\u00e8re le minist\u00e8re des March\u00e9s publics. La Douane quant \u00e0 elle arrivait \u00e0 la <strong>34<sup>\u00e8me<\/sup><\/strong> place sur 43 administrations publiques class\u00e9es. Les d\u00e9cisions de suspensions que vient de prendre le Minfi \u00e0 l\u2019encontre de certains douaniers ne sont donc que les premi\u00e8res manifestations des engagements pris par Louis Paul Motaze de tordre le coup au ph\u00e9nom\u00e8ne de la corruption dans ce d\u00e9partement minist\u00e9riel.<\/p>\n<div class=\"about-author about-author-box container-wrapper\">\n<div class=\"author-avatar\">\n<p><img decoding=\"async\" src=\"http:\/\/\" alt=\"\"\/><\/p>\n<\/div>\n<p><h4>La R\u00e9daction EcoMatin<\/h4>\n<\/p>\n<\/div>\n<div class=\"awac-wrapper awac widget blog_subscription-2\">\n<h4 class=\"widget-title\">Abonnez-vous \u00e0 notre lettre d&rsquo;information<\/h4>\n<\/div>\n<p>Auteur: EcoMatin<br \/>\n<a href=\"https:\/\/ecomatin.net\/malversations-la-corruption-monte-en-grade-a-la-douane-camerounaise\/\">Cliquez ici pour lire l&rsquo;article depuis sa source.<\/a><\/p>\n","protected":false},"excerpt":{"rendered":"<p>Ce n\u2019est peut-\u00eatre pas encore la purge totale, mais les prochains jours seront certainement difficiles pour les agents v\u00e9reux en service au minist\u00e8re des Finances et ses d\u00e9membrements. Comme l\u2019avait annonc\u00e9 Louis Paul Motaze, le patron des Finances, en janvier dernier, lors de la conf\u00e9rence annuelle des services centraux, d\u00e9concentr\u00e9s et ext\u00e9rieurs de son d\u00e9partement [&hellip;]<\/p>\n","protected":false},"author":1969,"featured_media":0,"comment_status":"closed","ping_status":"closed","sticky":false,"template":"","format":"standard","meta":{"fifu_image_url":"","fifu_image_alt":"","footnotes":""},"categories":[82,78],"tags":[],"class_list":["post-20498","post","type-post","status-publish","format-standard","hentry","category-cameroun","category-economie"],"_links":{"self":[{"href":"https:\/\/linitiative.ca\/International\/wp-json\/wp\/v2\/posts\/20498","targetHints":{"allow":["GET"]}}],"collection":[{"href":"https:\/\/linitiative.ca\/International\/wp-json\/wp\/v2\/posts"}],"about":[{"href":"https:\/\/linitiative.ca\/International\/wp-json\/wp\/v2\/types\/post"}],"author":[{"embeddable":true,"href":"https:\/\/linitiative.ca\/International\/wp-json\/wp\/v2\/users\/1969"}],"replies":[{"embeddable":true,"href":"https:\/\/linitiative.ca\/International\/wp-json\/wp\/v2\/comments?post=20498"}],"version-history":[{"count":0,"href":"https:\/\/linitiative.ca\/International\/wp-json\/wp\/v2\/posts\/20498\/revisions"}],"wp:attachment":[{"href":"https:\/\/linitiative.ca\/International\/wp-json\/wp\/v2\/media?parent=20498"}],"wp:term":[{"taxonomy":"category","embeddable":true,"href":"https:\/\/linitiative.ca\/International\/wp-json\/wp\/v2\/categories?post=20498"},{"taxonomy":"post_tag","embeddable":true,"href":"https:\/\/linitiative.ca\/International\/wp-json\/wp\/v2\/tags?post=20498"}],"curies":[{"name":"wp","href":"https:\/\/api.w.org\/{rel}","templated":true}]}}