{"id":20499,"date":"2019-03-08T07:34:25","date_gmt":"2019-03-08T12:34:25","guid":{"rendered":"https:\/\/linitiative.ca\/International\/integration-economique-sous-regionale-des-economies-africaines-plus-fortes-et-plus-resilientes\/"},"modified":"2019-03-08T07:34:25","modified_gmt":"2019-03-08T12:34:25","slug":"integration-economique-sous-regionale-des-economies-africaines-plus-fortes-et-plus-resilientes","status":"publish","type":"post","link":"https:\/\/linitiative.ca\/International\/integration-economique-sous-regionale-des-economies-africaines-plus-fortes-et-plus-resilientes\/","title":{"rendered":"Int\u00e9gration \u00e9conomique sous r\u00e9gionale: des \u00e9conomies africaines plus fortes et plus r\u00e9silientes"},"content":{"rendered":"<div class=\"featured-area featured-area-inner\"><img loading=\"lazy\" decoding=\"async\" width=\"780\" height=\"405\" src=\"https:\/\/i1.wp.com\/ecomatin.net\/wp-content\/uploads\/2019\/03\/ecomatin.net-integration-economique-sous-regionale-des-economies-africaines-plus-fortes-et-plus-resilientes-motaze.jpg?resize=780%2C405&#038;ssl=1&#038;is-pending-load=1\" class=\"attachment-jannah-image-post size-jannah-image-post wp-post-image jetpack-lazy-image\" alt=\"\" data-attachment-id=\"6428\" data-permalink=\"https:\/\/ecomatin.net\/integration-economique-sous-regionale-des-economies-africaines-plus-fortes-et-plus-resilientes\/motaze\/\" data-orig-file=\"https:\/\/i1.wp.com\/ecomatin.net\/wp-content\/uploads\/2019\/03\/ecomatin.net-integration-economique-sous-regionale-des-economies-africaines-plus-fortes-et-plus-resilientes-motaze.jpg?fit=800%2C457&#038;ssl=1\" data-orig-size=\"800,457\" data-comments-opened=\"0\" data-image-meta=\"{\"aperture\":\"0\",\"credit\":\"\",\"camera\":\"\",\"caption\":\"\",\"created_timestamp\":\"0\",\"copyright\":\"\",\"focal_length\":\"0\",\"iso\":\"0\",\"shutter_speed\":\"0\",\"title\":\"\",\"orientation\":\"0\"}\" data-image-title=\"motaze\" data-image-description=\"\" data-medium-file=\"https:\/\/i1.wp.com\/ecomatin.net\/wp-content\/uploads\/2019\/03\/ecomatin.net-integration-economique-sous-regionale-des-economies-africaines-plus-fortes-et-plus-resilientes-motaze.jpg?fit=300%2C171&#038;ssl=1\" data-large-file=\"https:\/\/i1.wp.com\/ecomatin.net\/wp-content\/uploads\/2019\/03\/ecomatin.net-integration-economique-sous-regionale-des-economies-africaines-plus-fortes-et-plus-resilientes-motaze.jpg?fit=800%2C457&#038;ssl=1\" srcset=\"data:image\/gif;base64,R0lGODlhAQABAIAAAAAAAP\/\/\/yH5BAEAAAAALAAAAAABAAEAAAIBRAA7\"\/><\/div>\n<div class=\"entry-content entry clearfix\" readability=\"52.6849894292\">\n<p>\u00ab <em>Harmoniser l\u2019int\u00e9gration sous r\u00e9gionale en Afrique<\/em> \u00bb. C\u2019est sur cette probl\u00e9matique qu\u2019ont planch\u00e9 les experts de l\u2019Union africaine lors de leur 3\u00e8me r\u00e9union du Comit\u00e9 technique sp\u00e9cialis\u00e9 sur les finances, les affaires mon\u00e9taires, la planification \u00e9conomique et l\u2019int\u00e9gration, qui se sont tenus au Palais des congr\u00e8s de Yaound\u00e9, du 04 au 08 mars 2019. A l\u2019ouverture de cette r\u00e9union, <strong>Louis Paul Motaze<\/strong>, le ministre des Finances du Cameroun a indiqu\u00e9 que l\u2019Afrique dispose de <strong>30%<\/strong> des ressources naturelles du monde. Pour lui, l\u2019enjeu consiste \u00e0 \u00ab T<em>ransformer les \u00e9conomies africaines, pour qu\u2019elles soient de plus en plus fortes, de plus en plus r\u00e9silientes. Et, cr\u00e9er de plus en plus d\u2019emplois<\/em>\u00bb. C\u2019est l\u2019une des solutions propos\u00e9es par le Minfi pour palier le retard \u00e9conomique de l\u2019Afrique. Aussi les experts r\u00e9unis \u00e0 Yaound\u00e9 devront-ils trouver d\u2019autres solutions par rapport \u00e0 l\u2019exportation des produits bruts.<\/p>\n<hr\/>\n<h4><strong>>> Lire aussi \u2013 <a title=\"Commerce intra-africain: la strat\u00e9gie du Cameroun pour tirer profit de la zone de libre \u00e9change\" href=\"https:\/\/ecomatin.net\/commerce-intra-africain-la-strategie-du-cameroun-pour-tirer-profit-de-la-zone-de-libre-echange\/\" target=\"_blank\" rel=\"noopener\">Commerce intra-africain: la strat\u00e9gie du Cameroun pour tirer profit de la zone de libre \u00e9change<\/a><br \/><\/strong><\/h4>\n<hr\/>\n<p>Un d\u00e9fi, tant la contribution de l\u2019Afrique au commerce mondial repr\u00e9sente \u00e0 peine <strong>3%<\/strong> en 2016. Bref, il est question pour le continent de se lib\u00e9rer du mod\u00e8le \u00e9conomique h\u00e9rit\u00e9 de la colonisation. Cela l\u2019engage \u00e0 repenser son propre mod\u00e8le transformation des mati\u00e8res premi\u00e8res et \u00e0 r\u00e9duire les importations. Pour cela, il faudra mettre en place des communaut\u00e9s r\u00e9gionales africaines. C\u2019est le principal sujet au c\u0153ur de cette 3e r\u00e9union du comit\u00e9 technique sp\u00e9cialis\u00e9 de l\u2019Union africaine. Depuis longtemps, les \u00c9tats africains travaillent \u00e0 accorder leur vision commune d\u2019une libre circulation effective des personnes et des biens sur le continent. En plus, l\u2019int\u00e9gration mon\u00e9taire en Afrique centrale fait \u00e9galement l\u2019objet des pr\u00e9occupations. Mais jusqu\u2019ici, certains pays semblent r\u00e9sister \u00e0 l\u2019id\u00e9e de l\u2019Union et de l\u2019harmonisation des cadres juridiques et institutionnels. D\u2019o\u00f9 la tenue des travaux de Yaound\u00e9 pour avancer dans le processus de mise en \u0153uvre d\u2019une r\u00e9elle harmonisation sous r\u00e9gionale.<\/p>\n<div class=\"about-author about-author-box container-wrapper\">\n<div class=\"author-avatar\">\n<p><img decoding=\"async\" src=\"http:\/\/\" alt=\"\"\/><\/p>\n<\/div>\n<p><h4>La R\u00e9daction EcoMatin<\/h4>\n<\/p>\n<\/div>\n<div class=\"awac-wrapper awac widget blog_subscription-2\">\n<h4 class=\"widget-title\">Abonnez-vous \u00e0 notre lettre d&rsquo;information<\/h4>\n<\/div>\n<\/div>\n<div class=\"toggle-post-content clearfix\"><a id=\"toggle-post-button\" class=\"button\" href=\"#\">Afficher plus <\/a><\/div>\n<p>Auteur: EcoMatin<br \/>\n<a href=\"https:\/\/ecomatin.net\/integration-economique-sous-regionale-des-economies-africaines-plus-fortes-et-plus-resilientes\/\">Cliquez ici pour lire l&rsquo;article depuis sa source.<\/a><\/p>\n","protected":false},"excerpt":{"rendered":"<p>\u00ab Harmoniser l\u2019int\u00e9gration sous r\u00e9gionale en Afrique \u00bb. C\u2019est sur cette probl\u00e9matique qu\u2019ont planch\u00e9 les experts de l\u2019Union africaine lors de leur 3\u00e8me r\u00e9union du Comit\u00e9 technique sp\u00e9cialis\u00e9 sur les finances, les affaires mon\u00e9taires, la planification \u00e9conomique et l\u2019int\u00e9gration, qui se sont tenus au Palais des congr\u00e8s de Yaound\u00e9, du 04 au 08 mars 2019. [&hellip;]<\/p>\n","protected":false},"author":1969,"featured_media":0,"comment_status":"closed","ping_status":"closed","sticky":false,"template":"","format":"standard","meta":{"fifu_image_url":"","fifu_image_alt":"","footnotes":""},"categories":[82,78],"tags":[],"class_list":["post-20499","post","type-post","status-publish","format-standard","hentry","category-cameroun","category-economie"],"_links":{"self":[{"href":"https:\/\/linitiative.ca\/International\/wp-json\/wp\/v2\/posts\/20499","targetHints":{"allow":["GET"]}}],"collection":[{"href":"https:\/\/linitiative.ca\/International\/wp-json\/wp\/v2\/posts"}],"about":[{"href":"https:\/\/linitiative.ca\/International\/wp-json\/wp\/v2\/types\/post"}],"author":[{"embeddable":true,"href":"https:\/\/linitiative.ca\/International\/wp-json\/wp\/v2\/users\/1969"}],"replies":[{"embeddable":true,"href":"https:\/\/linitiative.ca\/International\/wp-json\/wp\/v2\/comments?post=20499"}],"version-history":[{"count":0,"href":"https:\/\/linitiative.ca\/International\/wp-json\/wp\/v2\/posts\/20499\/revisions"}],"wp:attachment":[{"href":"https:\/\/linitiative.ca\/International\/wp-json\/wp\/v2\/media?parent=20499"}],"wp:term":[{"taxonomy":"category","embeddable":true,"href":"https:\/\/linitiative.ca\/International\/wp-json\/wp\/v2\/categories?post=20499"},{"taxonomy":"post_tag","embeddable":true,"href":"https:\/\/linitiative.ca\/International\/wp-json\/wp\/v2\/tags?post=20499"}],"curies":[{"name":"wp","href":"https:\/\/api.w.org\/{rel}","templated":true}]}}