{"id":20500,"date":"2019-03-08T07:57:33","date_gmt":"2019-03-08T12:57:33","guid":{"rendered":"https:\/\/linitiative.ca\/International\/production-de-mais-le-cameroun-deficitaire-de-06-millions-de-tonnes\/"},"modified":"2019-03-08T07:57:33","modified_gmt":"2019-03-08T12:57:33","slug":"production-de-mais-le-cameroun-deficitaire-de-06-millions-de-tonnes","status":"publish","type":"post","link":"https:\/\/linitiative.ca\/International\/production-de-mais-le-cameroun-deficitaire-de-06-millions-de-tonnes\/","title":{"rendered":"Production de ma\u00efs: le Cameroun d\u00e9ficitaire de 0,6 millions de tonnes"},"content":{"rendered":"<p>Parmi les sujets examin\u00e9s lors du conseil de cabinet du 28 f\u00e9vrier 2019, figurait celui du ma\u00efs, denr\u00e9e de grande consommation au Cameroun. <strong>Gabriel Mbairobe<\/strong>, le ministre de l\u2019Agriculture et du D\u00e9veloppement rural (Minader), a dress\u00e9 \u00e0 cette occasion, un tableau pr\u00e9occupant de la disponibilit\u00e9 de cette graine sur le territoire national. La consommation de ma\u00efs a en effet augment\u00e9. Les besoins actuels sont estim\u00e9s \u00e0 <strong>2,8 millions de tonnes<\/strong>. Loin des <strong>2,2 millions de tonnes<\/strong> de l\u2019exercice 2018. Un d\u00e9ficit de production de <strong>0,6 millions de FCFA<\/strong>.<\/p>\n<hr\/>\n<h4><strong>>> Lire aussi \u2013 <a title=\"Industrie agro-alimentaire: de la farine locale pour r\u00e9duire les importations\" href=\"https:\/\/ecomatin.net\/industrie-agro-alimentaire-de-la-farine-locale-pour-reduire-les-importations\/\" target=\"_blank\" rel=\"noopener\">Industrie agro-alimentaire: de la farine locale pour r\u00e9duire les importations<\/a><br \/><\/strong><\/h4>\n<hr\/>\n<p>Confirmation du Minader: \u00ab <em>la demande est en forte croissance dans la fili\u00e8re. Elle est estim\u00e9e \u00e0 <strong>2,8 millions<\/strong> de tonnes en 2019 pour une production nationale de <strong>2,2 millions<\/strong> de tonnes<\/em> \u00bb. Le Cameroun est le 13\u00e8me producteur africain de cette c\u00e9r\u00e9ale consomm\u00e9e par plus de 12 millions de personnes. Soit les deux tiers de la population du Cameroun. La culture du ma\u00efs est effectu\u00e9e par <strong>700.000<\/strong> exploitations familiales, artisanales et modernes. Ce grain est la troisi\u00e8me denr\u00e9e alimentaire produite au Cameroun apr\u00e8s le manioc et la banane plantain. Il contribue \u00e9galement pour plus de <strong>150 milliards<\/strong> F.CFA au Produit int\u00e9rieur brut (Pib). Le gouvernement a mis en place\u00a0 le Programme national d\u2019appui \u00e0 la fili\u00e8re ma\u00efs (<strong>PNAFM<\/strong>) avec pour objectif, l\u2019augmentation de la production nationale de cette denr\u00e9e de l\u2019ordre de <strong>40.000<\/strong> tonnes par an. Les r\u00e9sultats de ce programme tardent malheureusement \u00e0 produire les effets escompt\u00e9s.<\/p>\n<blockquote readability=\"6\">\n<p>les importations de ma\u00efs et de ses produits d\u00e9riv\u00e9s (gritz) sont \u00e9valu\u00e9es \u00e0 une enveloppe estim\u00e9e \u00e0 <strong>150 milliards<\/strong> F.CFA par an<\/p>\n<\/blockquote>\n<p><strong>Le Cameroun est finalement oblig\u00e9 d\u2019importer la pr\u00e9cieuse c\u00e9r\u00e9ale<\/strong><\/p>\n<p>Selon de r\u00e9centes statistiques fournies par l\u2019Agence de Promotion des Investissements (<strong>Api<\/strong>), les importations de ma\u00efs et de ses produits d\u00e9riv\u00e9s (gritz) sont \u00e9valu\u00e9es \u00e0 une enveloppe estim\u00e9e \u00e0 <strong>150 milliards<\/strong> F.CFA par an. Les principaux freins \u00e0 la production massive du ma\u00efs au Cameroun ont d\u2019ailleurs \u00e9t\u00e9 r\u00e9pertori\u00e9s par Gabriel Mbairobe: il s\u2019agit de \u00ab l\u2019enclavement des bassins de production, les difficult\u00e9s d\u2019acc\u00e8s au foncier, le co\u00fbt \u00e9lev\u00e9 des engrais et pesticides, la faible accessibilit\u00e9 aux semences am\u00e9lior\u00e9es et une m\u00e9canisation insuffisante\u00bb, a-t-il d\u00e9clar\u00e9 face au Premier ministre avec \u00e0 la cl\u00e9 un plan d\u2019action pour accro\u00eetre la production : \u00ab augmenter la production locale du ma\u00efs envisage l\u2019implication du secteur priv\u00e9 dans la production \u00e0 grande \u00e9chelle, la cr\u00e9ation de nouvelles vari\u00e9t\u00e9s de semences, la facilitation de l\u2019acc\u00e8s aux intrants agricoles, la mise \u00e0 disposition des producteurs des pools d\u2019engins et surtout la construction des infrastructures de traitement apr\u00e8s les r\u00e9coltes \u00bb. Pour les experts agronomes, les raisons du d\u00e9ficit sont connues. Les politiques de mise en \u0153uvre du secteur ne sont pas bien impl\u00e9ment\u00e9es. Il s\u2019agit notamment de\u00a0 la mauvaise qualit\u00e9 des intrants tels les semences, pesticides, engrais. Vient ensuite\u00a0 le prix\u00a0 \u00e9lev\u00e9 des intrants qui d\u00e9courage les producteurs et enfin\u00a0 des probl\u00e8mes techniques tels que l\u2019affaiblissement des terres\u00a0 qui diminue la production.<\/p>\n<hr\/>\n<h4><strong>>> Lire aussi \u2013 <a title=\"Office c\u00e9r\u00e9alier: un Conseil d\u2019administration aux pouvoirs plus \u00e9tendus\" href=\"https:\/\/ecomatin.net\/office-cerealier-un-conseil-dadministration-aux-pouvoirs-plus-etendus\/\" target=\"_blank\" rel=\"noopener\">Office c\u00e9r\u00e9alier: un Conseil d\u2019administration aux pouvoirs plus \u00e9tendus<\/a><br \/><\/strong><\/h4>\n<hr\/>\n<p>Le Minader a propos\u00e9 au Premier ministre <strong>Joseph Dion Ngute<\/strong>, un plan d\u2019action pour accro\u00eetre la production de ma\u00efs : \u00abaugmenter la production locale du ma\u00efs envisage l\u2019implication du secteur priv\u00e9 dans la production \u00e0 grande \u00e9chelle, la cr\u00e9ation de nouvelles vari\u00e9t\u00e9s de semences, la facilitation de l\u2019acc\u00e8s aux intrants agricoles, la mise \u00e0 disposition des producteurs des pools d\u2019engins et surtout la construction des infrastructures de traitement apr\u00e8s les r\u00e9coltes \u00bb, a-t-il propos\u00e9.\u00a0 Le gouvernement avait d\u00e9j\u00e0 envisag\u00e9 pour une production de masse, la mise en place de <strong>100<\/strong> ha de champs pour la production de semences hybrides et <strong>44<\/strong> ha de semences composites certifi\u00e9es, la production de <strong>62,1<\/strong> tonnes de semences certifi\u00e9es, entre autres<\/p>\n<p>Joseph Dion Ngute, a tout de suite donn\u00e9 instruction au ministre de l\u2019Economie de \u00ab <em>lui soumettre en urgence, des propositions sur les ressources susceptibles d\u2019\u00eatre mobilis\u00e9es en 2019 pour l\u2019acquisition des engins de labour et des semences am\u00e9lior\u00e9es<\/em> \u00bb.<\/p>\n<div class=\"about-author about-author-box container-wrapper\">\n<div class=\"author-avatar\">\n<p><img decoding=\"async\" src=\"http:\/\/\" alt=\"\"\/><\/p>\n<\/div>\n<p><h4>La R\u00e9daction EcoMatin<\/h4>\n<\/p>\n<\/div>\n<div class=\"awac-wrapper awac widget blog_subscription-2\">\n<h4 class=\"widget-title\">Abonnez-vous \u00e0 notre lettre d&rsquo;information<\/h4>\n<\/div>\n<p>Auteur: EcoMatin<br \/>\n<a href=\"https:\/\/ecomatin.net\/production-de-mais-le-cameroun-deficitaire-de-06-millions-de-tonnes\/\">Cliquez ici pour lire l&rsquo;article depuis sa source.<\/a><\/p>\n","protected":false},"excerpt":{"rendered":"<p>Parmi les sujets examin\u00e9s lors du conseil de cabinet du 28 f\u00e9vrier 2019, figurait celui du ma\u00efs, denr\u00e9e de grande consommation au Cameroun. Gabriel Mbairobe, le ministre de l\u2019Agriculture et du D\u00e9veloppement rural (Minader), a dress\u00e9 \u00e0 cette occasion, un tableau pr\u00e9occupant de la disponibilit\u00e9 de cette graine sur le territoire national. La consommation de [&hellip;]<\/p>\n","protected":false},"author":1969,"featured_media":0,"comment_status":"closed","ping_status":"closed","sticky":false,"template":"","format":"standard","meta":{"fifu_image_url":"","fifu_image_alt":"","footnotes":""},"categories":[82,78],"tags":[],"class_list":["post-20500","post","type-post","status-publish","format-standard","hentry","category-cameroun","category-economie"],"_links":{"self":[{"href":"https:\/\/linitiative.ca\/International\/wp-json\/wp\/v2\/posts\/20500","targetHints":{"allow":["GET"]}}],"collection":[{"href":"https:\/\/linitiative.ca\/International\/wp-json\/wp\/v2\/posts"}],"about":[{"href":"https:\/\/linitiative.ca\/International\/wp-json\/wp\/v2\/types\/post"}],"author":[{"embeddable":true,"href":"https:\/\/linitiative.ca\/International\/wp-json\/wp\/v2\/users\/1969"}],"replies":[{"embeddable":true,"href":"https:\/\/linitiative.ca\/International\/wp-json\/wp\/v2\/comments?post=20500"}],"version-history":[{"count":0,"href":"https:\/\/linitiative.ca\/International\/wp-json\/wp\/v2\/posts\/20500\/revisions"}],"wp:attachment":[{"href":"https:\/\/linitiative.ca\/International\/wp-json\/wp\/v2\/media?parent=20500"}],"wp:term":[{"taxonomy":"category","embeddable":true,"href":"https:\/\/linitiative.ca\/International\/wp-json\/wp\/v2\/categories?post=20500"},{"taxonomy":"post_tag","embeddable":true,"href":"https:\/\/linitiative.ca\/International\/wp-json\/wp\/v2\/tags?post=20500"}],"curies":[{"name":"wp","href":"https:\/\/api.w.org\/{rel}","templated":true}]}}