{"id":20501,"date":"2019-03-08T08:38:47","date_gmt":"2019-03-08T13:38:47","guid":{"rendered":"https:\/\/linitiative.ca\/International\/telephonie-mobile-orange-annonce-sanza-son-mobile-intelligent-au-cameroun\/"},"modified":"2019-03-08T08:38:47","modified_gmt":"2019-03-08T13:38:47","slug":"telephonie-mobile-orange-annonce-sanza-son-mobile-intelligent-au-cameroun","status":"publish","type":"post","link":"https:\/\/linitiative.ca\/International\/telephonie-mobile-orange-annonce-sanza-son-mobile-intelligent-au-cameroun\/","title":{"rendered":"T\u00e9l\u00e9phonie mobile: Orange annonce \u00ab Sanza \u00bb, son mobile intelligent au Cameroun"},"content":{"rendered":"<div class=\"featured-area featured-area-inner\"><img loading=\"lazy\" decoding=\"async\" width=\"640\" height=\"405\" src=\"https:\/\/i2.wp.com\/ecomatin.net\/wp-content\/uploads\/2019\/03\/ecomatin.net-telephonie-mobile-orange-annonce-sanza-son-mobile-intelligent-au-cameroun-orange-sanza.jpg?resize=640%2C405&#038;ssl=1&#038;is-pending-load=1\" class=\"attachment-jannah-image-post size-jannah-image-post wp-post-image jetpack-lazy-image\" alt=\"\" data-attachment-id=\"6442\" data-permalink=\"https:\/\/ecomatin.net\/telephonie-mobile-orange-annonce-sanza-son-mobile-intelligent-au-cameroun\/orange-sanza\/\" data-orig-file=\"https:\/\/i2.wp.com\/ecomatin.net\/wp-content\/uploads\/2019\/03\/ecomatin.net-telephonie-mobile-orange-annonce-sanza-son-mobile-intelligent-au-cameroun-orange-sanza.jpg?fit=640%2C434&#038;ssl=1\" data-orig-size=\"640,434\" data-comments-opened=\"0\" data-image-meta=\"{\"aperture\":\"0\",\"credit\":\"\",\"camera\":\"\",\"caption\":\"\",\"created_timestamp\":\"0\",\"copyright\":\"\",\"focal_length\":\"0\",\"iso\":\"0\",\"shutter_speed\":\"0\",\"title\":\"\",\"orientation\":\"0\"}\" data-image-title=\"Orange Sanza\" data-image-description=\"\" data-medium-file=\"https:\/\/i2.wp.com\/ecomatin.net\/wp-content\/uploads\/2019\/03\/ecomatin.net-telephonie-mobile-orange-annonce-sanza-son-mobile-intelligent-au-cameroun-orange-sanza.jpg?fit=300%2C203&#038;ssl=1\" data-large-file=\"https:\/\/i2.wp.com\/ecomatin.net\/wp-content\/uploads\/2019\/03\/ecomatin.net-telephonie-mobile-orange-annonce-sanza-son-mobile-intelligent-au-cameroun-orange-sanza.jpg?fit=640%2C434&#038;ssl=1\" srcset=\"data:image\/gif;base64,R0lGODlhAQABAIAAAAAAAP\/\/\/yH5BAEAAAAALAAAAAABAAEAAAIBRAA7\"\/><\/div>\n<div class=\"entry-content entry clearfix\" readability=\"64.83984375\">\n<p>Le groupe t\u00e9l\u00e9coms fran\u00e7ais Orange a profit\u00e9 du <strong>Mobile World Congre<\/strong>ss qui s\u2019est ouvert le 25 f\u00e9vrier 2019 \u00e0 Barcelone en Espagne, pour annoncer le lancement de son mobile intelligent \u00e0 <strong>20<\/strong> dollars US baptis\u00e9 \u00ab Sanza \u00bb, dans <strong>16<\/strong> pays d\u2019Afrique et du Moyen-Orient, dont le Cameroun au cours de cette ann\u00e9e. Le t\u00e9l\u00e9phone \u00e9quip\u00e9 de la plateforme UNISOC SC7731EF du fabricant de circuits \u00e9lectroniques int\u00e9gr\u00e9s UNISOC, fonctionne sous KaiOS, le syst\u00e8me d\u2019exploitation de <strong>KaiOS Technologies<\/strong>. Il donnera la possibilit\u00e9 \u00e0 un plus grand nombre de personnes d\u2019acc\u00e9der \u00e0 Internet en Afrique. D\u00e8s avril 2019, les clients d\u2019Orange du Mali, du Burkina Faso et de C\u00f4te d\u2019Ivoire, seront les premiers \u00e0 pouvoir b\u00e9n\u00e9ficier de cet appareil. Le Botswana, Cameroun, R\u00e9publique Centrafricaine, R\u00e9publique D\u00e9mocratique du Congo, Egypte, Guin\u00e9e-Bissau, Guin\u00e9e Conakry, Lib\u00e9ria, Madagascar, Maroc, Sierra Leone et Tunisie, suivront apr\u00e8s. Le t\u00e9l\u00e9phone sera aussi commercialis\u00e9 en Jordanie.<\/p>\n<p>Selon Alioune Ndiaye, le directeur g\u00e9n\u00e9ral d\u2019Orange Moyen-Orient et Afrique (MEA), \u00ab <em>Sanza est une preuve concr\u00e8te de la capacit\u00e9 d\u2019Orange \u00e0 \u00eatre un acteur majeur de l\u2019inclusion digitale en Afrique et au Moyen-Orient. Avec son acc\u00e8s \u00e0 internet en mode vocal et son prix attractif autour de 20$, j\u2019ai la conviction que ce mobile 3G et bient\u00f4t 4G, est un levier puissant pour d\u00e9velopper l\u2019acc\u00e8s \u00e0 internet pour tous en Afrique<\/em>\u00bb. En Afrique o\u00f9 le taux de p\u00e9n\u00e9tration du Smartphone est encore tr\u00e8s faible du fait de son co\u00fbt exorbitant pour les populations \u00e0 petits revenus qui constituent la majorit\u00e9 de la population du continent, le \u00ab Sanza \u00bb d\u2019Orange intervient comme une alternative abordable \u00e0 leur besoin de communiquer, de naviguer sur Internet, d\u2019acc\u00e9der \u00e0 de nouveaux services num\u00e9riques.<\/p>\n<div class=\"about-author about-author-box container-wrapper\">\n<div class=\"author-avatar\">\n<p><img decoding=\"async\" src=\"http:\/\/\" alt=\"\"\/><\/p>\n<\/div>\n<p><h4>La R\u00e9daction EcoMatin<\/h4>\n<\/p>\n<\/div>\n<div class=\"awac-wrapper awac widget blog_subscription-2\">\n<h4 class=\"widget-title\">Abonnez-vous \u00e0 notre lettre d&rsquo;information<\/h4>\n<\/div>\n<\/div>\n<div class=\"toggle-post-content clearfix\"><a id=\"toggle-post-button\" class=\"button\" href=\"#\">Afficher plus <\/a><\/div>\n<p>Auteur: EcoMatin<br \/>\n<a href=\"https:\/\/ecomatin.net\/telephonie-mobile-orange-annonce-sanza-son-mobile-intelligent-au-cameroun\/\">Cliquez ici pour lire l&rsquo;article depuis sa source.<\/a><\/p>\n","protected":false},"excerpt":{"rendered":"<p>Le groupe t\u00e9l\u00e9coms fran\u00e7ais Orange a profit\u00e9 du Mobile World Congress qui s\u2019est ouvert le 25 f\u00e9vrier 2019 \u00e0 Barcelone en Espagne, pour annoncer le lancement de son mobile intelligent \u00e0 20 dollars US baptis\u00e9 \u00ab Sanza \u00bb, dans 16 pays d\u2019Afrique et du Moyen-Orient, dont le Cameroun au cours de cette ann\u00e9e. Le t\u00e9l\u00e9phone [&hellip;]<\/p>\n","protected":false},"author":1969,"featured_media":0,"comment_status":"closed","ping_status":"closed","sticky":false,"template":"","format":"standard","meta":{"fifu_image_url":"","fifu_image_alt":"","footnotes":""},"categories":[82,78],"tags":[],"class_list":["post-20501","post","type-post","status-publish","format-standard","hentry","category-cameroun","category-economie"],"_links":{"self":[{"href":"https:\/\/linitiative.ca\/International\/wp-json\/wp\/v2\/posts\/20501","targetHints":{"allow":["GET"]}}],"collection":[{"href":"https:\/\/linitiative.ca\/International\/wp-json\/wp\/v2\/posts"}],"about":[{"href":"https:\/\/linitiative.ca\/International\/wp-json\/wp\/v2\/types\/post"}],"author":[{"embeddable":true,"href":"https:\/\/linitiative.ca\/International\/wp-json\/wp\/v2\/users\/1969"}],"replies":[{"embeddable":true,"href":"https:\/\/linitiative.ca\/International\/wp-json\/wp\/v2\/comments?post=20501"}],"version-history":[{"count":0,"href":"https:\/\/linitiative.ca\/International\/wp-json\/wp\/v2\/posts\/20501\/revisions"}],"wp:attachment":[{"href":"https:\/\/linitiative.ca\/International\/wp-json\/wp\/v2\/media?parent=20501"}],"wp:term":[{"taxonomy":"category","embeddable":true,"href":"https:\/\/linitiative.ca\/International\/wp-json\/wp\/v2\/categories?post=20501"},{"taxonomy":"post_tag","embeddable":true,"href":"https:\/\/linitiative.ca\/International\/wp-json\/wp\/v2\/tags?post=20501"}],"curies":[{"name":"wp","href":"https:\/\/api.w.org\/{rel}","templated":true}]}}