{"id":20502,"date":"2019-03-08T09:08:48","date_gmt":"2019-03-08T14:08:48","guid":{"rendered":"https:\/\/linitiative.ca\/International\/societe-generale-va-t-elle-supprimer-des-emplois-au-cameroun\/"},"modified":"2019-03-08T09:08:48","modified_gmt":"2019-03-08T14:08:48","slug":"societe-generale-va-t-elle-supprimer-des-emplois-au-cameroun","status":"publish","type":"post","link":"https:\/\/linitiative.ca\/International\/societe-generale-va-t-elle-supprimer-des-emplois-au-cameroun\/","title":{"rendered":"Soci\u00e9t\u00e9 g\u00e9n\u00e9rale va-t-elle supprimer des emplois au Cameroun ?"},"content":{"rendered":"<p><strong>Soci\u00e9t\u00e9 g\u00e9n\u00e9rale Cameroun est-elle concern\u00e9e par les suppressions d\u2019emplois annonc\u00e9es depuis peu par la maison-m\u00e8re en France\u00a0?<\/strong> Plus de 1500 emplois sont en jeu. Au sein de <strong>Soci\u00e9t\u00e9 g\u00e9n\u00e9rale Cameroun<\/strong>, les sources contact\u00e9es affirment plut\u00f4t un mouvement inverse, avec pr\u00e8s d\u2019une centaine de recrutements (permanents et int\u00e9rimaires) en 2018, et une \u00e9volution des effectifs en hausse. En effet, dans un article paru le 23 f\u00e9vrier dernier, Le Figaro r\u00e9v\u00e8le que la banque de financement et d\u2019investissement (BFI) de la Soci\u00e9t\u00e9 g\u00e9n\u00e9rale se pr\u00e9pare \u00e0 conna\u00eetre de nouvelles secousses et des suppressions de postes. De fait, lors de la pr\u00e9sentation des r\u00e9sultats annuels, d\u00e9but f\u00e9vrier, la banque a annonc\u00e9 qu\u2019elle mettrait au r\u00e9gime ce p\u00f4le (activit\u00e9s de march\u00e9, de conseil, ou encore des grandes entreprises), pr\u00e9sent dans 40 pays, en r\u00e9duisant les co\u00fbts de 500 millions d\u2019euros d\u2019ici 2020.<\/p>\n<p>\u00c0 l\u2019instar de <strong>BNP Pariba<\/strong>s ou de <strong>Deutsche Bank<\/strong>, elle fera aussi fondre les activit\u00e9s de march\u00e9, qui ont souffert en 2018. Elle entend ainsi r\u00e9duire la voilure dans ses activit\u00e9s de taux, de change et les mati\u00e8res premi\u00e8res, pour se focaliser sur les \u00ab<em>activit\u00e9s les plus rentables<\/em>\u00bb, comme les d\u00e9riv\u00e9s actions. \u00ab<em>Il y aura des arr\u00eats d\u2019activit\u00e9s<\/em>\u00bb, a pr\u00e9venu sans plus de d\u00e9tails <strong>S\u00e9verin Cabannes<\/strong>, directeur g\u00e9n\u00e9ral d\u00e9l\u00e9gu\u00e9 de la Soci\u00e9t\u00e9 g\u00e9n\u00e9rale, en charge de la BFI.<\/p>\n<blockquote readability=\"10\">\n<p>la banque, a selon nos informations, \u00e9tabli deux sc\u00e9narios de suppressions de postes. Tous deux pr\u00e9voient <strong>1500 d\u00e9parts<\/strong> dans le monde entier\u2026Ce qui repr\u00e9sente <strong>7,5%<\/strong> de la masse salariale de la banque de financement et d\u2019investissement.<\/p>\n<\/blockquote>\n<p>Dans ce cadre, la banque, a selon nos informations, \u00e9tabli deux sc\u00e9narios de suppressions de postes. Tous deux pr\u00e9voient <strong>1500 d\u00e9parts<\/strong> dans le monde entier: en France, en Europe, en Grande-Bretagne, aux \u00c9tats-Unis et en Asie. Ce qui repr\u00e9sente <strong>7,5%<\/strong> de la masse salariale de la banque de financement et d\u2019investissement. Selon un document interne, la France serait dans les deux cas la plus touch\u00e9e avec plus de 700 suppressions d\u2019emplois. La banque, qui vient de revoir \u00e0 la baisse ses objectifs financiers, s\u2019est refus\u00e9e vendredi \u00e0 tout commentaire.<\/p>\n<p>Les organisations syndicales n\u2019ont pas encore \u00e9t\u00e9 consult\u00e9es. La direction de la banque leur a annonc\u00e9 jeudi qu\u2019elle leur pr\u00e9senterait la nouvelle organisation dans les quatre \u00e0 huit semaines qui viennent. \u00ab<em>La direction est en train de passer au crible toutes les activit\u00e9s de BFI pour d\u00e9cider celles qui seront revues, r\u00e9duites ou ferm\u00e9es<\/em>\u00bb, explique Philippe Fournil, d\u00e9l\u00e9gu\u00e9 national CGT \u00e0 la Soci\u00e9t\u00e9 g\u00e9n\u00e9rale. \u00ab\u00a0<em>Nous nous attendons au minimum \u00e0 des centaines de suppressions d\u2019emplois en France et \u00e0 l\u2019\u00e9tranger<\/em>\u00bb.<\/p>\n<p><strong>Un mois de salaire par semestre d\u2019anciennet\u00e9<\/strong><\/p>\n<p>En attendant, la tension monte dans les salles de march\u00e9 de Paris et de Londres. \u00ab<em>Tous les salari\u00e9s, des traders aux vendeurs d\u2019actions par exemple, sont inquiets, constate un observateur. Ils sentent que quelque chose va se passer et sont certains qu\u2019il y aura de nombreuses suppressions de postes<\/em>\u00bb. Les personnes concern\u00e9es par ces possibles coupes ne seront pas trait\u00e9es financi\u00e8rement de la m\u00eame fa\u00e7on. En France, la banque qui a d\u00e9gag\u00e9 <strong>3,9 milliards<\/strong> d\u2019euros de b\u00e9n\u00e9fices en 2018, sera oblig\u00e9e de mettre en place un plan de sauvegarde de l\u2019emploi (PSE), dont les conditions sont d\u2019ores et d\u00e9j\u00e0 arr\u00eat\u00e9es. \u00ab<em>Nous les avons n\u00e9goci\u00e9es en 2013 et les renouvelons tous les trois ans. La prochaine signature aura lieu le 13 mars<\/em>\u00bb, pr\u00e9cise Philippe Fournil.<\/p>\n<p>Les salari\u00e9s de la Soci\u00e9t\u00e9 g\u00e9n\u00e9rale qui quitteront la banque dans le cadre d\u2019un PSE toucheront un mois de salaire par semestre d\u2019anciennet\u00e9. Par ailleurs, la r\u00e9mun\u00e9ration variable des deux derni\u00e8res ann\u00e9es d\u2019activit\u00e9 sera aussi prise en compte pour les personnes ayant plus de 20 ans d\u2019anciennet\u00e9. Ces conditions diff\u00e8rent de celles du plan de d\u00e9part volontaire mis en place en 2012 au sein de la banque de financement et d\u2019investissement, qui favorisait les personnes ayant peu d\u2019anciennet\u00e9. R\u00e9sultat, 2500 personnes s\u2019\u00e9taient pr\u00e9sent\u00e9es en quelques jours au guichet de d\u00e9part, alors que le plan ne concernait que 880 postes.<\/p>\n<p>En revanche, les traders de Londres ou de New York ayant un contrat local, ne b\u00e9n\u00e9ficieront pas des conditions de d\u00e9part avantageuses de leurs coll\u00e8gues Fran\u00e7ais.<\/p>\n<div class=\"about-author about-author-box container-wrapper\">\n<div class=\"author-avatar\">\n<p><img decoding=\"async\" src=\"http:\/\/\" alt=\"\"\/><\/p>\n<\/div>\n<p><h4>La R\u00e9daction EcoMatin<\/h4>\n<\/p>\n<\/div>\n<div class=\"awac-wrapper awac widget blog_subscription-2\">\n<h4 class=\"widget-title\">Abonnez-vous \u00e0 notre lettre d&rsquo;information<\/h4>\n<\/div>\n<p>Auteur: EcoMatin<br \/>\n<a href=\"https:\/\/ecomatin.net\/societe-generale-va-t-elle-supprimer-des-emplois-au-cameroun\/\">Cliquez ici pour lire l&rsquo;article depuis sa source.<\/a><\/p>\n","protected":false},"excerpt":{"rendered":"<p>Soci\u00e9t\u00e9 g\u00e9n\u00e9rale Cameroun est-elle concern\u00e9e par les suppressions d\u2019emplois annonc\u00e9es depuis peu par la maison-m\u00e8re en France\u00a0? Plus de 1500 emplois sont en jeu. Au sein de Soci\u00e9t\u00e9 g\u00e9n\u00e9rale Cameroun, les sources contact\u00e9es affirment plut\u00f4t un mouvement inverse, avec pr\u00e8s d\u2019une centaine de recrutements (permanents et int\u00e9rimaires) en 2018, et une \u00e9volution des effectifs en [&hellip;]<\/p>\n","protected":false},"author":1969,"featured_media":0,"comment_status":"closed","ping_status":"closed","sticky":false,"template":"","format":"standard","meta":{"fifu_image_url":"","fifu_image_alt":"","footnotes":""},"categories":[82,78],"tags":[],"class_list":["post-20502","post","type-post","status-publish","format-standard","hentry","category-cameroun","category-economie"],"_links":{"self":[{"href":"https:\/\/linitiative.ca\/International\/wp-json\/wp\/v2\/posts\/20502","targetHints":{"allow":["GET"]}}],"collection":[{"href":"https:\/\/linitiative.ca\/International\/wp-json\/wp\/v2\/posts"}],"about":[{"href":"https:\/\/linitiative.ca\/International\/wp-json\/wp\/v2\/types\/post"}],"author":[{"embeddable":true,"href":"https:\/\/linitiative.ca\/International\/wp-json\/wp\/v2\/users\/1969"}],"replies":[{"embeddable":true,"href":"https:\/\/linitiative.ca\/International\/wp-json\/wp\/v2\/comments?post=20502"}],"version-history":[{"count":0,"href":"https:\/\/linitiative.ca\/International\/wp-json\/wp\/v2\/posts\/20502\/revisions"}],"wp:attachment":[{"href":"https:\/\/linitiative.ca\/International\/wp-json\/wp\/v2\/media?parent=20502"}],"wp:term":[{"taxonomy":"category","embeddable":true,"href":"https:\/\/linitiative.ca\/International\/wp-json\/wp\/v2\/categories?post=20502"},{"taxonomy":"post_tag","embeddable":true,"href":"https:\/\/linitiative.ca\/International\/wp-json\/wp\/v2\/tags?post=20502"}],"curies":[{"name":"wp","href":"https:\/\/api.w.org\/{rel}","templated":true}]}}