{"id":20524,"date":"2019-03-09T05:00:00","date_gmt":"2019-03-09T10:00:00","guid":{"rendered":"https:\/\/linitiative.ca\/International\/des-centaines-dalgeriens-manifestent-a-paris\/"},"modified":"2019-03-09T05:00:00","modified_gmt":"2019-03-09T10:00:00","slug":"des-centaines-dalgeriens-manifestent-a-paris","status":"publish","type":"post","link":"https:\/\/linitiative.ca\/International\/des-centaines-dalgeriens-manifestent-a-paris\/","title":{"rendered":"Des centaines d\u2019Alg\u00e9riens manifestent \u00e0 Paris"},"content":{"rendered":"<div id=\"originalText\" readability=\"54\">\n<p>\u00a0Plusieurs centaines de personnes ont\u00a0 manifest\u00e9 hier \u00e0 Paris pour dire \u201cnon\u201d \u00e0 un 5e mandat pour Abdelaziz Bouteflika, en soutien aux manifestations en Alg\u00e9rie mais aussi \u00e0 l&rsquo;occasion de la Journ\u00e9e internationale de la femme.<br \/>\u201cOn esp\u00e8re ardemment qu&rsquo;\u00e0 travers ce mouvement il va aussi y avoir plus d&rsquo;\u00e9galit\u00e9 pour les femmes\u201d, a expliqu\u00e9 \u00e0 l&rsquo;AFP Nadjat Basille, envelopp\u00e9e d&rsquo;un drapeau alg\u00e9rien et accompagn\u00e9e de sa fille, en allusion \u00e0 la mar\u00e9e humaine qui\u00a0 a d\u00e9ferl\u00e9 dans les rues alg\u00e9rienes. \u00a0<br \/>\u201cC&rsquo;est la premi\u00e8re fois que le peuple tout entier sort pour dire \u00e7a suffit\u201d, a ajout\u00e9 cette dame d&rsquo;une soixantaine d&rsquo;ann\u00e9es, qui a tenu \u00e0 \u201cf\u00e9liciter le peuple alg\u00e9rien\u201d. Quant aux femmes, \u201con veut pouvoir d\u00e9cider de notre vie sans avoir \u00e0 en r\u00e9f\u00e9rer \u00e0 aucun homme. Aujourd&rsquo;hui en Alg\u00e9rie, les femmes sont rel\u00e9gu\u00e9es et d\u00e9consid\u00e9r\u00e9es\u201d, a-t-elle soulign\u00e9. \u00e0 c\u00f4t\u00e9 d&rsquo;elle, on pouvait lire sur une pancarte \u201cBoutef, prends ton fauteuil et casse-toi. Un 5e mandat pour qui ? L&rsquo;Alg\u00e9rie ne vous appartient\u00a0 pas\u201d. \u201cCe qui se passe aujourd&rsquo;hui en Alg\u00e9rie est incroyable\u201d, raconte, tr\u00e8s \u00e9mue, Nadjet Ounnoughene.\u00a0 Autour de ces femmes, aux pieds de la Tour Eiffel, les youyous se m\u00ealent \u00e0 la musique traditionnelle et aux slogans \u201cY en a marre de ce pouvoir !\u201d,\u00a0 \u201cD\u00e9mocratie !\u201d.<br \/>Ce n&rsquo;est pas la premi\u00e8re fois que la diaspora alg\u00e9rienne en France manifeste depuis mi-f\u00e9vrier, \u00e0 Paris mais aussi \u00e0 Marseille. Une nouvelle manifestation est pr\u00e9vue demain \u00e0 Paris, Place de la R\u00e9publique.<\/p>\n<\/div>\n<div id=\"text_core\" readability=\"54\">\n<p>\u00a0Plusieurs centaines de personnes ont\u00a0 manifest\u00e9 hier \u00e0 Paris pour dire \u201cnon\u201d \u00e0 un 5e mandat pour Abdelaziz Bouteflika, en soutien aux manifestations en Alg\u00e9rie mais aussi \u00e0 l&rsquo;occasion de la Journ\u00e9e internationale de la femme.<br \/>\u201cOn esp\u00e8re ardemment qu&rsquo;\u00e0 travers ce mouvement il va aussi y avoir plus d&rsquo;\u00e9galit\u00e9 pour les femmes\u201d, a expliqu\u00e9 \u00e0 l&rsquo;AFP Nadjat Basille, envelopp\u00e9e d&rsquo;un drapeau alg\u00e9rien et accompagn\u00e9e de sa fille, en allusion \u00e0 la mar\u00e9e humaine qui\u00a0 a d\u00e9ferl\u00e9 dans les rues alg\u00e9rienes. \u00a0<br \/>\u201cC&rsquo;est la premi\u00e8re fois que le peuple tout entier sort pour dire \u00e7a suffit\u201d, a ajout\u00e9 cette dame d&rsquo;une soixantaine d&rsquo;ann\u00e9es, qui a tenu \u00e0 \u201cf\u00e9liciter le peuple alg\u00e9rien\u201d. Quant aux femmes, \u201con veut pouvoir d\u00e9cider de notre vie sans avoir \u00e0 en r\u00e9f\u00e9rer \u00e0 aucun homme. Aujourd&rsquo;hui en Alg\u00e9rie, les femmes sont rel\u00e9gu\u00e9es et d\u00e9consid\u00e9r\u00e9es\u201d, a-t-elle soulign\u00e9. \u00e0 c\u00f4t\u00e9 d&rsquo;elle, on pouvait lire sur une pancarte \u201cBoutef, prends ton fauteuil et casse-toi. Un 5e mandat pour qui ? L&rsquo;Alg\u00e9rie ne vous appartient\u00a0 pas\u201d. \u201cCe qui se passe aujourd&rsquo;hui en Alg\u00e9rie est incroyable\u201d, raconte, tr\u00e8s \u00e9mue, Nadjet Ounnoughene.\u00a0 Autour de ces femmes, aux pieds de la Tour Eiffel, les youyous se m\u00ealent \u00e0 la musique traditionnelle et aux slogans \u201cY en a marre de ce pouvoir !\u201d,\u00a0 \u201cD\u00e9mocratie !\u201d.<br \/>Ce n&rsquo;est pas la premi\u00e8re fois que la diaspora alg\u00e9rienne en France manifeste depuis mi-f\u00e9vrier, \u00e0 Paris mais aussi \u00e0 Marseille. Une nouvelle manifestation est pr\u00e9vue demain \u00e0 Paris, Place de la R\u00e9publique.<\/p>\n<\/div>\n<p>Auteur:<br \/>\n<a href=\"https:\/\/www.liberte-algerie.com\/actualite\/des-centaines-dalgeriens-manifestent-a-paris-311115\">Cliquez ici pour lire l&rsquo;article depuis sa source.<\/a><\/p>\n","protected":false},"excerpt":{"rendered":"<p>\u00a0Plusieurs centaines de personnes ont\u00a0 manifest\u00e9 hier \u00e0 Paris pour dire \u201cnon\u201d \u00e0 un 5e mandat pour Abdelaziz Bouteflika, en soutien aux manifestations en Alg\u00e9rie mais aussi \u00e0 l&rsquo;occasion de la Journ\u00e9e internationale de la femme.\u201cOn esp\u00e8re ardemment qu&rsquo;\u00e0 travers ce mouvement il va aussi y avoir plus d&rsquo;\u00e9galit\u00e9 pour les femmes\u201d, a expliqu\u00e9 \u00e0 [&hellip;]<\/p>\n","protected":false},"author":1742,"featured_media":0,"comment_status":"closed","ping_status":"closed","sticky":false,"template":"","format":"standard","meta":{"fifu_image_url":"","fifu_image_alt":"","footnotes":""},"categories":[73,53],"tags":[],"class_list":["post-20524","post","type-post","status-publish","format-standard","hentry","category-actualite","category-algerie"],"_links":{"self":[{"href":"https:\/\/linitiative.ca\/International\/wp-json\/wp\/v2\/posts\/20524","targetHints":{"allow":["GET"]}}],"collection":[{"href":"https:\/\/linitiative.ca\/International\/wp-json\/wp\/v2\/posts"}],"about":[{"href":"https:\/\/linitiative.ca\/International\/wp-json\/wp\/v2\/types\/post"}],"author":[{"embeddable":true,"href":"https:\/\/linitiative.ca\/International\/wp-json\/wp\/v2\/users\/1742"}],"replies":[{"embeddable":true,"href":"https:\/\/linitiative.ca\/International\/wp-json\/wp\/v2\/comments?post=20524"}],"version-history":[{"count":0,"href":"https:\/\/linitiative.ca\/International\/wp-json\/wp\/v2\/posts\/20524\/revisions"}],"wp:attachment":[{"href":"https:\/\/linitiative.ca\/International\/wp-json\/wp\/v2\/media?parent=20524"}],"wp:term":[{"taxonomy":"category","embeddable":true,"href":"https:\/\/linitiative.ca\/International\/wp-json\/wp\/v2\/categories?post=20524"},{"taxonomy":"post_tag","embeddable":true,"href":"https:\/\/linitiative.ca\/International\/wp-json\/wp\/v2\/tags?post=20524"}],"curies":[{"name":"wp","href":"https:\/\/api.w.org\/{rel}","templated":true}]}}