{"id":20536,"date":"2019-03-08T19:12:00","date_gmt":"2019-03-09T00:12:00","guid":{"rendered":"https:\/\/linitiative.ca\/International\/kelaa-des-sraghna-les-terres-collectives-soulaliyates-et-le-nouveau-modele-de-developpement-au-centre-dune-conference-a-kelaa-des-sraghnasur-les-terres-collectives-soulaliyates-et-le-nouvea\/"},"modified":"2019-03-08T19:12:00","modified_gmt":"2019-03-09T00:12:00","slug":"kelaa-des-sraghna-les-terres-collectives-soulaliyates-et-le-nouveau-modele-de-developpement-au-centre-dune-conference-a-kelaa-des-sraghnasur-les-terres-collectives-soulaliyates-et-le-nouvea","status":"publish","type":"post","link":"https:\/\/linitiative.ca\/International\/kelaa-des-sraghna-les-terres-collectives-soulaliyates-et-le-nouveau-modele-de-developpement-au-centre-dune-conference-a-kelaa-des-sraghnasur-les-terres-collectives-soulaliyates-et-le-nouvea\/","title":{"rendered":"Kel\u00e2a des Sraghna: Les terres collectives soulaliyates et le nouveau mod\u00e8le de d\u00e9veloppement, au centre d\u2019une conf\u00e9rence \u00e0 Kel\u00e2a des Sraghnasur les terres collectives soulaliyates et le nouveau mod\u00e8le de d\u00e9veloppement"},"content":{"rendered":"<div readability=\"37\">\n<p>Kel\u00e2a des Sraghna \u2013 \u00ab\u00a0Les terres collectives soulaliyates et le nouveau mod\u00e8le de d\u00e9veloppement : lecture crois\u00e9e des probl\u00e9matiques juridiques et sociales\u00a0\u00bb a \u00e9t\u00e9 le th\u00e8me d\u2019une conf\u00e9rence tenue, jeudi \u00e0 Kel\u00e2a des Sraghna, \u00e0 l\u2019initiative du centre universitaire de la ville relevant de l\u2019universit\u00e9 Cadi Ayyad.<\/p>\n<\/div>\n<div readability=\"94\">\n<p>Organis\u00e9e en partenariat avec le tribunal de premi\u00e8re instance et les conseils provincial et communal de Kel\u00e2a des Sraghna, cette rencontre intervient dans le sillage du d\u00e9bat public en cours sur la r\u00e9vision du cadre juridique r\u00e9gissant les terres soulaliyates, qui a presque 100 ans d\u2019existence, et de sa discussion \u00e0 la lumi\u00e8re des lois et projets de lois inh\u00e9rents \u00e0 cette assiette fonci\u00e8re, qui sont en cours d\u2019\u00e9laboration en application des Hautes Orientations Royales et en r\u00e9ponse aux recommandations issues du dialogue national sur les terres collectives (soulaliaytes).<\/p>\n<p>Intervenant \u00e0 cette occasion, le pr\u00e9sident du tribunal de 1\u00e8re instance de Kel\u00e2a des Sraghna, Mohamed Chatoui, et le procureur du Roi pr\u00e8s ce tribunal, Mustapha Kamili, ont soulign\u00e9 l\u2019importance de cette conf\u00e9rence en tant qu\u2019\u00e9tape essentielle pour d\u00e9battre du r\u00f4le du syst\u00e8me judiciaire dans la consolidation de la s\u00e9curit\u00e9 fonci\u00e8re en g\u00e9n\u00e9ral et des terres collectives soulaliyates en particulier, \u00e9tant donn\u00e9 la nature de la province et des litiges tranch\u00e9s par cette juridiction, dont la majorit\u00e9 concerne ce genre de terres.<\/p>\n<p>De son c\u00f4t\u00e9, le pr\u00e9sident du conseil provincial a insist\u00e9 sur le r\u00f4le de l\u2019universit\u00e9 et les efforts d\u00e9ploy\u00e9s en mati\u00e8re d\u2019optimisation des mod\u00e8les de d\u00e9veloppement et d\u2019accompagnement des \u00e9volutions que conna\u00eet ce dossier, notamment la discussion du projet de loi\u00a0N\u00b062.17\u00a0relatif \u00e0 la tutelle administrative sur les communaut\u00e9s soulaliyates et la gestion de leurs biens.<\/p>\n<p>Pour sa part, le pr\u00e9sident du conseil communal de Kel\u00e2a des Sraghna, Noureddine A\u00eft Lhaj, a relev\u00e9 que cette rencontre se veut une occasion pour la conception d\u2019une approche m\u00e9thodologique qui permet de rem\u00e9dier aux dysfonctionnements et aux paradoxes relev\u00e9s au niveau du cadre juridique des terres soulaliyates, et de contribuer \u00e0 la lutte contre la discrimination bas\u00e9e sur le genre.<\/p>\n<p>Cette conf\u00e9rence a \u00e9t\u00e9 marqu\u00e9e par la pr\u00e9sentation de plusieurs expos\u00e9s portant notamment sur les \u00ab\u00a0pr\u00e9ludes \u00e0 la gestion des biens des communaut\u00e9s soulaliyates \u00e0 la lumi\u00e8re de la Constitution de 2011\u00a0\u00bb, \u00ab\u00a0la gestion des biens des communaut\u00e9s soulaliyates dans le cadre du projet de loi N\u00b0 62.17\u00a0\u00bb, \u00ab\u00a0les biens des communaut\u00e9s soulaliyates et le r\u00e9gime de la conservation fonci\u00e8re\u00a0: probl\u00e9matique de la protection des ayant droits\u00a0\u00bb et \u00ab\u00a0le statut de la femme soulaliya entre coutume, l\u00e9gislation et r\u00e9alit\u00e9\u00a0\u00bb.<\/p>\n<p>A l\u2019issue de cette rencontre, les participants ont \u00e9mis une s\u00e9rie de recommandations \u00e0 travers lesquelles ils ont plaid\u00e9, entre autres, en faveur du renforcement du projet de loi N\u00b062.17 relatif \u00e0 la tutelle administrative sur les communaut\u00e9s soulaliyates et la gestion de leurs biens\u00a0par de nouvelles dispositions lors de l\u2019examen dudit projet, et l\u2019all\u00e8gement de la tutelle administrative \u00e0 travers le recours au contr\u00f4le administratif sur les communaut\u00e9s soulaliyates en mati\u00e8re de gestion de leurs biens \u00e0 l\u2019instar de la l\u00e9gislation et des lois organiques en vigueur relatives aux r\u00e9gions, aux provinces et pr\u00e9fectures.<\/p>\n<p>Ils ont aussi appel\u00e9 \u00e0 la simplification de l\u2019op\u00e9ration de \u00abmelkisation\u00bb (appropriation) des terres soulaliyates au profit des membres des communaut\u00e9s soulaliyates en vue de garantir leur stabilit\u00e9 et d\u2019assurer le d\u00e9veloppement de plusieurs zones rurales o\u00f9 sont situ\u00e9es ces terres, la r\u00e9duction du d\u00e9lai de la proc\u00e9dure de d\u00e9limitation administrative, l\u2019identification des ayant droits selon des normes bien d\u00e9finies, et l\u2019acc\u00e9l\u00e9ration de la promulgation du Code des terres soulaliyates, qui prend en consid\u00e9ration le caract\u00e8re social de ce type de foncier et contribue \u00e0 la r\u00e9alisation de la justice sociale et spatiale et du d\u00e9veloppement durable.<\/p>\n<\/div>\n<p>Auteur: Meriem IGASS<br \/>\n<a href=\"http:\/\/www.mapmarrakech.ma\/fr\/kelaa-des-sraghna-les-terres-collectives-soulaliyates-et-le-nouveau-modele-de-developpement-au-centre-dune-conference-a-kelaa-des-sraghnasur-les-terres-collectives-soulaliyates-et-le-nouveau-model\/\">Cliquez ici pour lire l&rsquo;article depuis sa source.<\/a><\/p>\n","protected":false},"excerpt":{"rendered":"<p>Kel\u00e2a des Sraghna \u2013 \u00ab\u00a0Les terres collectives soulaliyates et le nouveau mod\u00e8le de d\u00e9veloppement : lecture crois\u00e9e des probl\u00e9matiques juridiques et sociales\u00a0\u00bb a \u00e9t\u00e9 le th\u00e8me d\u2019une conf\u00e9rence tenue, jeudi \u00e0 Kel\u00e2a des Sraghna, \u00e0 l\u2019initiative du centre universitaire de la ville relevant de l\u2019universit\u00e9 Cadi Ayyad. Organis\u00e9e en partenariat avec le tribunal de premi\u00e8re [&hellip;]<\/p>\n","protected":false},"author":1788,"featured_media":0,"comment_status":"closed","ping_status":"closed","sticky":false,"template":"","format":"standard","meta":{"fifu_image_url":"","fifu_image_alt":"","footnotes":""},"categories":[54,76],"tags":[],"class_list":["post-20536","post","type-post","status-publish","format-standard","hentry","category-maroc","category-regions"],"_links":{"self":[{"href":"https:\/\/linitiative.ca\/International\/wp-json\/wp\/v2\/posts\/20536","targetHints":{"allow":["GET"]}}],"collection":[{"href":"https:\/\/linitiative.ca\/International\/wp-json\/wp\/v2\/posts"}],"about":[{"href":"https:\/\/linitiative.ca\/International\/wp-json\/wp\/v2\/types\/post"}],"author":[{"embeddable":true,"href":"https:\/\/linitiative.ca\/International\/wp-json\/wp\/v2\/users\/1788"}],"replies":[{"embeddable":true,"href":"https:\/\/linitiative.ca\/International\/wp-json\/wp\/v2\/comments?post=20536"}],"version-history":[{"count":0,"href":"https:\/\/linitiative.ca\/International\/wp-json\/wp\/v2\/posts\/20536\/revisions"}],"wp:attachment":[{"href":"https:\/\/linitiative.ca\/International\/wp-json\/wp\/v2\/media?parent=20536"}],"wp:term":[{"taxonomy":"category","embeddable":true,"href":"https:\/\/linitiative.ca\/International\/wp-json\/wp\/v2\/categories?post=20536"},{"taxonomy":"post_tag","embeddable":true,"href":"https:\/\/linitiative.ca\/International\/wp-json\/wp\/v2\/tags?post=20536"}],"curies":[{"name":"wp","href":"https:\/\/api.w.org\/{rel}","templated":true}]}}