{"id":20537,"date":"2019-03-08T19:46:24","date_gmt":"2019-03-09T00:46:24","guid":{"rendered":"https:\/\/linitiative.ca\/International\/8-mars-la-province-dessaouira-fete-ses-femmes\/"},"modified":"2019-03-08T19:46:24","modified_gmt":"2019-03-09T00:46:24","slug":"8-mars-la-province-dessaouira-fete-ses-femmes","status":"publish","type":"post","link":"https:\/\/linitiative.ca\/International\/8-mars-la-province-dessaouira-fete-ses-femmes\/","title":{"rendered":"8 mars : La province d\u2019Essaouira f\u00eate ses femmes"},"content":{"rendered":"<div readability=\"34\">\n<p>Essaouira \u2013 Une c\u00e9r\u00e9monie en hommage aux femmes les plus dynamiques et engag\u00e9es de la province d\u2019Essaouira, a \u00e9t\u00e9 organis\u00e9e vendredi dans la cit\u00e9 des Aliz\u00e9s.<\/p>\n<\/div>\n<div readability=\"89\">\n<p>Inscrite dans le cadre de la c\u00e9l\u00e9bration de la journ\u00e9e internationale de la femme plac\u00e9e cette ann\u00e9e sous le th\u00e8me \u00a0\u00bbpenser \u00e9quitablement, b\u00e2tir intelligemment, innover pour le changement\u00a0\u00bb, cette c\u00e9r\u00e9monie a \u00e9t\u00e9 rehauss\u00e9e par la pr\u00e9sence notamment du gouverneur de la province, M. Adil El Maliki, ainsi que de chefs des services ext\u00e9rieurs.<\/p>\n<p>Dans une allocution de circonstance, M. El Maliki a f\u00e9licit\u00e9 l\u2019ensemble des femmes de la province en cette heureuse occasion de la journ\u00e9e du 8 mars, un rendez-vous annuel destin\u00e9 \u00e0 rendre hommage \u00e0 la gent f\u00e9minine, mettant en avant les grands pas franchis par le Maroc en mati\u00e8re d\u2019\u00e9galit\u00e9 entre les hommes et les femmes.<\/p>\n<p>Et d\u2019ajouter que les femmes r\u00e9alisent de grandes performances et disposent de comp\u00e9tences confirm\u00e9es \u00e0 m\u00eame de leur permettre d\u2019occuper actuellement des postes de responsabilit\u00e9 et d\u2019\u00eatre pr\u00e9sentes dans tous les secteurs d\u2019activit\u00e9s, faisant observer que les femmes marocaines en g\u00e9n\u00e9ral et celles de la province en particulier ne cessent de faire preuve de d\u00e9vouement et d\u2019engagement, tout en contribuant toujours au changement vers le meilleur.<\/p>\n<p>\u00a0\u00bbLa femme marocaine dispose d\u2019une place particuli\u00e8re au sein de la soci\u00e9t\u00e9 et joue un r\u00f4le de premier plan et ce, gr\u00e2ce \u00e0 la Haute Sollicitude dont Sa Majest\u00e9 le Roi Mohammed VI ne cesse d\u2019entourer la gent f\u00e9minine\u00a0\u00bb, s\u2019est f\u00e9licit\u00e9 M. El Maliki, laissant savoir que plusieurs projets inscrits dans le cadre du grand chantier de r\u00e9habilitation de la M\u00e9dina d\u2019Essaouira sont d\u00e9di\u00e9s aux familles, aux femmes et \u00e0 leurs enfants.<\/p>\n<p>D\u2019autres intervenants se sont f\u00e9licit\u00e9s de l\u2019importance de la c\u00e9l\u00e9bration de cette journ\u00e9e, qui se veut une \u00e9tape pour rendre hommage \u00e0 la femme marocaine et s\u2019arr\u00eater sur l\u2019ensemble des acquis r\u00e9alis\u00e9s dans ce domaine au Maroc, gr\u00e2ce \u00e0 la politique sage et la vision clairvoyante du Souverain.<\/p>\n<p>Par la suite, l\u2019assistance a \u00e9t\u00e9 convi\u00e9e \u00e0 suivre la lecture d\u2019un po\u00e8me intitul\u00e9 \u00a0\u00bbToi la femme marocaine\u00a0\u00bb par Mme Aicha El Achhab enseignante et po\u00e9tesse \u00e0 travers lequel elle a mis en avant le r\u00f4le h\u00e9ro\u00efque et la place de choix qu\u2019occupait la femme marocaine au sein de la soci\u00e9t\u00e9 et ce, depuis de longs si\u00e8cles de l\u2019histoire du Maroc.<\/p>\n<p>Par la m\u00eame occasion, un vibrant hommage a \u00e9t\u00e9 rendu \u00e0 trois femmes fonctionnaires \u00e0 la province d\u2019Essaouira, pour leur d\u00e9vouement, leur abn\u00e9gation, leurs qualit\u00e9s humaines et professionnelles ainsi que pour leur sens \u00e9lev\u00e9 de responsabilit\u00e9.<\/p>\n<p>Des pr\u00e9sents ont \u00e9t\u00e9 \u00e9galement offerts \u00e0 d\u2019autres femmes de la province en signe de reconnaissance de leur engagement au service de la promotion des valeurs de citoyennet\u00e9 et de civisme.<\/p>\n<\/div>\n<p>Auteur: Meriem IGASS<br \/>\n<a href=\"http:\/\/www.mapmarrakech.ma\/fr\/8-mars-la-province-dessaouira-fete-ses-femmes\/\">Cliquez ici pour lire l&rsquo;article depuis sa source.<\/a><\/p>\n","protected":false},"excerpt":{"rendered":"<p>Essaouira \u2013 Une c\u00e9r\u00e9monie en hommage aux femmes les plus dynamiques et engag\u00e9es de la province d\u2019Essaouira, a \u00e9t\u00e9 organis\u00e9e vendredi dans la cit\u00e9 des Aliz\u00e9s. Inscrite dans le cadre de la c\u00e9l\u00e9bration de la journ\u00e9e internationale de la femme plac\u00e9e cette ann\u00e9e sous le th\u00e8me \u00a0\u00bbpenser \u00e9quitablement, b\u00e2tir intelligemment, innover pour le changement\u00a0\u00bb, cette [&hellip;]<\/p>\n","protected":false},"author":1788,"featured_media":0,"comment_status":"closed","ping_status":"closed","sticky":false,"template":"","format":"standard","meta":{"fifu_image_url":"","fifu_image_alt":"","footnotes":""},"categories":[54,76],"tags":[],"class_list":["post-20537","post","type-post","status-publish","format-standard","hentry","category-maroc","category-regions"],"_links":{"self":[{"href":"https:\/\/linitiative.ca\/International\/wp-json\/wp\/v2\/posts\/20537","targetHints":{"allow":["GET"]}}],"collection":[{"href":"https:\/\/linitiative.ca\/International\/wp-json\/wp\/v2\/posts"}],"about":[{"href":"https:\/\/linitiative.ca\/International\/wp-json\/wp\/v2\/types\/post"}],"author":[{"embeddable":true,"href":"https:\/\/linitiative.ca\/International\/wp-json\/wp\/v2\/users\/1788"}],"replies":[{"embeddable":true,"href":"https:\/\/linitiative.ca\/International\/wp-json\/wp\/v2\/comments?post=20537"}],"version-history":[{"count":0,"href":"https:\/\/linitiative.ca\/International\/wp-json\/wp\/v2\/posts\/20537\/revisions"}],"wp:attachment":[{"href":"https:\/\/linitiative.ca\/International\/wp-json\/wp\/v2\/media?parent=20537"}],"wp:term":[{"taxonomy":"category","embeddable":true,"href":"https:\/\/linitiative.ca\/International\/wp-json\/wp\/v2\/categories?post=20537"},{"taxonomy":"post_tag","embeddable":true,"href":"https:\/\/linitiative.ca\/International\/wp-json\/wp\/v2\/tags?post=20537"}],"curies":[{"name":"wp","href":"https:\/\/api.w.org\/{rel}","templated":true}]}}