{"id":20539,"date":"2019-03-08T20:29:19","date_gmt":"2019-03-09T01:29:19","guid":{"rendered":"https:\/\/linitiative.ca\/International\/pleins-feux-a-essaouira-sur-les-oeuvres-artistiques-de-langlaise-lisa-jan-fallon\/"},"modified":"2019-03-08T20:29:19","modified_gmt":"2019-03-09T01:29:19","slug":"pleins-feux-a-essaouira-sur-les-oeuvres-artistiques-de-langlaise-lisa-jan-fallon","status":"publish","type":"post","link":"https:\/\/linitiative.ca\/International\/pleins-feux-a-essaouira-sur-les-oeuvres-artistiques-de-langlaise-lisa-jan-fallon\/","title":{"rendered":"Pleins feux \u00e0 Essaouira sur les \u0153uvres artistiques de l\u2019anglaise Lisa Jan Fallon"},"content":{"rendered":"<div readability=\"37\">\n<p>Essaouira \u2013 Le vernissage d\u2019une exposition d\u2019ouvres artistiques in\u00e9dites et singuli\u00e8res, sign\u00e9es l\u2019anglaise Lisa Jan Fallon, a eu lieu vendredi soir \u00e0 Essaouira en pr\u00e9sence de plusieurs intellectuels, artistes et acteurs associatifs locaux et d\u2019ailleurs.<\/p>\n<\/div>\n<div readability=\"113\">\n<p>Visible jusqu\u2019au 20 mars aux cimaises de la galerie d\u2019exposition \u00a0\u00bbTayeb Essadiki\u00a0\u00bb \u00e0 l\u2019espace Monde \u00ab\u00a0Dar Souiri\u00a0\u00bb, cette exposition intitul\u00e9e \u00a0\u00bble spirituel dans le Cosmos\u00a0\u00bb (The Spiritual in the Cosmos) s\u2019ins\u00e8re dans le cadre de la c\u00e9l\u00e9bration de la journ\u00e9e internationale de la femme.<\/p>\n<p>Elle s\u2019inscrit \u00e9galement dans le cadre des activit\u00e9s culturelles et artistiques de l\u2019Association Essaouira-Mogador au titre du mois de mars, destin\u00e9es \u00e0 contribuer \u00e0 la dynamique que conna\u00eet la cit\u00e9 des Aliz\u00e9s en tant que ville des arts et de la culture par excellence.<\/p>\n<p>L\u2019exposition donne \u00e0 voir une vingtaine de toiles de diff\u00e9rents formats o\u00f9 l\u2019artiste-peintre choisit minutieusement ses sujets et ses couleurs \u00a0\u00bbgaies et soft\u00a0\u00bb comme pour mettre en valeur \u00a0\u00bbcette spiritualit\u00e9\u00a0\u00bb existante et qui forme le socle de l\u2019univers.<\/p>\n<p>Pour ce faire, Lisa Jan Fallon n\u2019h\u00e9site pas \u00e0 mettre en avant certaines cr\u00e9atures dans ses tableaux, allant du papillon \u00e0 la Libellule tr\u00e8s pr\u00e9sente dans ses oeuvres, en arrivant aux petits oiseaux.<\/p>\n<p>Les textes religieux et la calligraphie arabe, et les signes et formes de la g\u00e9om\u00e9trie sont aussi pr\u00e9sents dans les toiles de Lisa Fallon, en toute finesse et avec une subtilit\u00e9 artistique si singuli\u00e8re, ce qui conf\u00e8re \u00e0 son travail beaut\u00e9 et esth\u00e9tique.<\/p>\n<p>Intervenant \u00e0 cette occasion, M. Ahmed Harrouz, membre de l\u2019association Essaouira-Mogador et artiste-peintre, a relev\u00e9 que le travail artistique de Lisa Fallon est la r\u00e9sultante entre la sensibilit\u00e9 d\u2019une artiste anglaise, et ses sensations en terre du Maroc, particuli\u00e8rement l\u2019\u00e9tendue de ses espaces naturels et l\u2019\u00e9cho de ses dynamiques culturelles et spirituelles.<\/p>\n<p>C\u2019est ainsi que cette artiste r\u00e9\u00e9crit l\u2019image de ses visions internes \u00e0 l\u2019\u00e9gard de l\u2019univers qui l\u2019entoure et du Cosmos dans lequel elle voyage avec ce mat\u00e9riel artistique, et avec des messages de beaut\u00e9 et de paix spirituelle sans \u00e9quivoque, a-t-il conclu<\/p>\n<p>Artiste-peintre anglaise install\u00e9e actuellement au Maroc, pays qui lui conf\u00e8re une nouvelle vision et perspective dans ses oeuvres et son travail, Lisa Jan Fallon a exerc\u00e9 en tant qu\u2019enseignante de l\u2019art, de la photographie et du design.<\/p>\n<p>L\u2019influence du Maroc dans ses oeuvres artistiques est nettement visible si on doit noter qu\u2019elle a commenc\u00e9 \u00e0 explorer des th\u00e8mes comme la nature, les math\u00e9matiques, les textes religieux, pour d\u00e9couvrir leurs connexions, et comment les symboles de l\u2019univers des math\u00e9matiques sont pr\u00e9sents aussi dans la nature.<\/p>\n<p>Dans sa technique, elle fait appel \u00e0 la peinture \u00e0 l\u2019eau, \u00e0 la photographie et \u00e0 l\u2019utilisation de produits naturels, ainsi que de l\u2019encre, une technique \u00e0 la fois mixte et diversifi\u00e9e qui lui permet de mettre en valeur des possibilit\u00e9s illimit\u00e9es dans son exercice artistique, et de d\u00e9couvrir de nouvelles mani\u00e8res d\u2019exprimer ses id\u00e9es.<\/p>\n<p>Les oeuvres qu\u2019elle confectionne, si elle provoquent de l\u2019\u00e9tonnement, elles suscitent en contrepartie une prise de conscience forte autour du monde naturel, \u00e0 la fois si beau mais si ambigu, tout en \u00e9tant intimement li\u00e9 \u00e0 la spiritualit\u00e9.<\/p>\n<p>L\u2019\u00e9tat d\u2019\u00e2me de Lisa Fallon lorsqu\u2019elle travaille se trouve ainsi soigneusement transpos\u00e9 dans ses oeuvres artistiques, leur servant ainsi d\u2019esprit.<\/p>\n<\/div>\n<p>Auteur: Meriem IGASS<br \/>\n<a href=\"http:\/\/www.mapmarrakech.ma\/fr\/pleins-feux-a-essaouira-sur-les-oeuvres-artistiques-de-langlaise-lisa-jan-fallon\/\">Cliquez ici pour lire l&rsquo;article depuis sa source.<\/a><\/p>\n","protected":false},"excerpt":{"rendered":"<p>Essaouira \u2013 Le vernissage d\u2019une exposition d\u2019ouvres artistiques in\u00e9dites et singuli\u00e8res, sign\u00e9es l\u2019anglaise Lisa Jan Fallon, a eu lieu vendredi soir \u00e0 Essaouira en pr\u00e9sence de plusieurs intellectuels, artistes et acteurs associatifs locaux et d\u2019ailleurs. Visible jusqu\u2019au 20 mars aux cimaises de la galerie d\u2019exposition \u00a0\u00bbTayeb Essadiki\u00a0\u00bb \u00e0 l\u2019espace Monde \u00ab\u00a0Dar Souiri\u00a0\u00bb, cette exposition intitul\u00e9e [&hellip;]<\/p>\n","protected":false},"author":1788,"featured_media":0,"comment_status":"closed","ping_status":"closed","sticky":false,"template":"","format":"standard","meta":{"fifu_image_url":"","fifu_image_alt":"","footnotes":""},"categories":[54,76],"tags":[],"class_list":["post-20539","post","type-post","status-publish","format-standard","hentry","category-maroc","category-regions"],"_links":{"self":[{"href":"https:\/\/linitiative.ca\/International\/wp-json\/wp\/v2\/posts\/20539","targetHints":{"allow":["GET"]}}],"collection":[{"href":"https:\/\/linitiative.ca\/International\/wp-json\/wp\/v2\/posts"}],"about":[{"href":"https:\/\/linitiative.ca\/International\/wp-json\/wp\/v2\/types\/post"}],"author":[{"embeddable":true,"href":"https:\/\/linitiative.ca\/International\/wp-json\/wp\/v2\/users\/1788"}],"replies":[{"embeddable":true,"href":"https:\/\/linitiative.ca\/International\/wp-json\/wp\/v2\/comments?post=20539"}],"version-history":[{"count":0,"href":"https:\/\/linitiative.ca\/International\/wp-json\/wp\/v2\/posts\/20539\/revisions"}],"wp:attachment":[{"href":"https:\/\/linitiative.ca\/International\/wp-json\/wp\/v2\/media?parent=20539"}],"wp:term":[{"taxonomy":"category","embeddable":true,"href":"https:\/\/linitiative.ca\/International\/wp-json\/wp\/v2\/categories?post=20539"},{"taxonomy":"post_tag","embeddable":true,"href":"https:\/\/linitiative.ca\/International\/wp-json\/wp\/v2\/tags?post=20539"}],"curies":[{"name":"wp","href":"https:\/\/api.w.org\/{rel}","templated":true}]}}