{"id":20540,"date":"2019-03-08T20:43:00","date_gmt":"2019-03-09T01:43:00","guid":{"rendered":"https:\/\/linitiative.ca\/International\/coup-denvoi-a-marrakech-du-grand-prix-international-de-judo\/"},"modified":"2019-03-08T20:43:00","modified_gmt":"2019-03-09T01:43:00","slug":"coup-denvoi-a-marrakech-du-grand-prix-international-de-judo","status":"publish","type":"post","link":"https:\/\/linitiative.ca\/International\/coup-denvoi-a-marrakech-du-grand-prix-international-de-judo\/","title":{"rendered":"Coup d\u2019envoi \u00e0 Marrakech du Grand Prix international de judo"},"content":{"rendered":"<div class=\"single-featured\"><img alt=\"\" data-src=\"http:\/\/www.mapmarrakech.ma\/map\/uploads\/2019\/03\/marrakechjudo-copier.jpg\"\/><\/div>\n<div class=\"single-post-excerpt post-excerpt-bc\" readability=\"35\">\n<p>Marrakech \u2013 Le coup d\u2019envoi a \u00e9t\u00e9 donn\u00e9 vendredi, \u00e0 la place Bab Jdid \u00e0 Marrakech, au Grand Prix international de judo avec la participation de 500 judokas de 73 nations.<\/p>\n<\/div>\n<div class=\"entry-content clearfix single-post-content\" readability=\"58\">\n<p>Plac\u00e9e sous le Haut Patronage de SM le Roi Mohammed VI, cette comp\u00e9tition, la quatri\u00e8me \u00e9tape du circuit mondiale de l\u2019ann\u00e9e, r\u00e9unit l\u2019\u00e9lite mondiale de la discipline dont cinq m\u00e9daill\u00e9s olympiques en qu\u00eate des points pour la qualification aux Jeux Olympiques Tokyo 2020.<\/p>\n<p>Le vainqueur de chaque cat\u00e9gorie empoche 700 points, le deuxi\u00e8me 490 points et le troisi\u00e8me 350 points.<\/p>\n<p>Les grands noms de cette discipline ayant fait le d\u00e9placement \u00e0 Marrakech comme le Russe Beslan Mudranov, la Fran\u00e7aise Automne Pavia ou encore le N\u00e9erlandais Henk Grol devront faire face \u00e0 une nouvelle g\u00e9n\u00e9ration talentueuse de judokas.<\/p>\n<p>Les couleurs marocaines seront d\u00e9fendues par 45 judokas, mais les projecteurs seront braqu\u00e9s surtout sur Asmaa Niang (-70 kg) et Imad Bassou (-60kg).<\/p>\n<p>Organis\u00e9e par la F\u00e9d\u00e9ration Royale Marocaine de Judo et arts martiaux assimil\u00e9s en partenariat avec le Minist\u00e8re de la Jeunesse et des Sports, cette comp\u00e9tition sera suivie par plusieurs supports m\u00e9diatiques du monde entier et conna\u00eetra la participation de grands sp\u00e9cialistes et experts de la discipline.<\/p>\n<p>Plusieurs personnalit\u00e9s et invit\u00e9s de marque seront aussi pr\u00e9sents \u00e0 cet \u00e9v\u00e9nement.<\/p>\n<\/div>\n<p>Auteur: Meriem IGASS<br \/>\n<a href=\"http:\/\/www.mapmarrakech.ma\/fr\/coup-denvoi-a-marrakech-du-grand-prix-international-de-judo\/\">Cliquez ici pour lire l&rsquo;article depuis sa source.<\/a><\/p>\n","protected":false},"excerpt":{"rendered":"<p>Marrakech \u2013 Le coup d\u2019envoi a \u00e9t\u00e9 donn\u00e9 vendredi, \u00e0 la place Bab Jdid \u00e0 Marrakech, au Grand Prix international de judo avec la participation de 500 judokas de 73 nations. Plac\u00e9e sous le Haut Patronage de SM le Roi Mohammed VI, cette comp\u00e9tition, la quatri\u00e8me \u00e9tape du circuit mondiale de l\u2019ann\u00e9e, r\u00e9unit l\u2019\u00e9lite mondiale [&hellip;]<\/p>\n","protected":false},"author":1788,"featured_media":20541,"comment_status":"closed","ping_status":"closed","sticky":false,"template":"","format":"standard","meta":{"fifu_image_url":"","fifu_image_alt":"","footnotes":""},"categories":[54,76],"tags":[],"class_list":["post-20540","post","type-post","status-publish","format-standard","has-post-thumbnail","hentry","category-maroc","category-regions"],"_links":{"self":[{"href":"https:\/\/linitiative.ca\/International\/wp-json\/wp\/v2\/posts\/20540","targetHints":{"allow":["GET"]}}],"collection":[{"href":"https:\/\/linitiative.ca\/International\/wp-json\/wp\/v2\/posts"}],"about":[{"href":"https:\/\/linitiative.ca\/International\/wp-json\/wp\/v2\/types\/post"}],"author":[{"embeddable":true,"href":"https:\/\/linitiative.ca\/International\/wp-json\/wp\/v2\/users\/1788"}],"replies":[{"embeddable":true,"href":"https:\/\/linitiative.ca\/International\/wp-json\/wp\/v2\/comments?post=20540"}],"version-history":[{"count":0,"href":"https:\/\/linitiative.ca\/International\/wp-json\/wp\/v2\/posts\/20540\/revisions"}],"wp:featuredmedia":[{"embeddable":true,"href":"https:\/\/linitiative.ca\/International\/wp-json\/"}],"wp:attachment":[{"href":"https:\/\/linitiative.ca\/International\/wp-json\/wp\/v2\/media?parent=20540"}],"wp:term":[{"taxonomy":"category","embeddable":true,"href":"https:\/\/linitiative.ca\/International\/wp-json\/wp\/v2\/categories?post=20540"},{"taxonomy":"post_tag","embeddable":true,"href":"https:\/\/linitiative.ca\/International\/wp-json\/wp\/v2\/tags?post=20540"}],"curies":[{"name":"wp","href":"https:\/\/api.w.org\/{rel}","templated":true}]}}