{"id":20551,"date":"2019-03-08T16:27:33","date_gmt":"2019-03-08T21:27:33","guid":{"rendered":"https:\/\/linitiative.ca\/International\/oujda-ceremonie-en-hommage-aux-femmes-policieres\/"},"modified":"2019-03-08T16:27:33","modified_gmt":"2019-03-08T21:27:33","slug":"oujda-ceremonie-en-hommage-aux-femmes-policieres","status":"publish","type":"post","link":"https:\/\/linitiative.ca\/International\/oujda-ceremonie-en-hommage-aux-femmes-policieres\/","title":{"rendered":"Oujda: C\u00e9r\u00e9monie en hommage aux femmes polici\u00e8res"},"content":{"rendered":"<div class=\"single-featured\"><img alt=\"\" data-src=\"http:\/\/www.mapoujda.ma\/map\/uploads\/2019\/03\/C\u00e9r\u00e9monie-en-hommage-aux-femmes-polici\u00e8res-\u00e0-Oujda.jpg\"\/><\/div>\n<div class=\"single-post-excerpt post-excerpt-bc\" readability=\"37\">\n<p>La pr\u00e9fecture de police d\u2019Oujda a organis\u00e9, vendredi, une c\u00e9r\u00e9monie en hommage aux femmes polici\u00e8res, tous grades confondus, \u00e0 l\u2019occasion de la Journ\u00e9e internationale de la femme.<\/p>\n<\/div>\n<div class=\"entry-content clearfix single-post-content\" readability=\"68\">\n<p>Des fonctionnaires de police relevant de l\u2019ensemble des services de la pr\u00e9fecture de police d\u2019Oujda ont \u00e9t\u00e9 ainsi honor\u00e9es, en reconnaissance \u00e0 leurs efforts et \u00e0 l\u2019esprit de responsabilit\u00e9 dont elles font preuve au quotidien, au service du citoyen.<\/p>\n<p>Dans une allocution, lue en son nom par l\u2019adjoint au pr\u00e9fet de police d\u2019Oujda, Abdelouahed Hachlaf, le directeur g\u00e9n\u00e9ral de la S\u00fbret\u00e9 nationale a exprim\u00e9 sa gratitude pour les actions et sacrifices consentis par les polici\u00e8res pour garantir la s\u00e9curit\u00e9 de la nation et des citoyens, saluant par la m\u00eame le sens de professionnalisme et les qualit\u00e9s humaines et professionnelles dont elles font preuve.<\/p>\n<p>Ces valeurs font des femmes de la s\u00fbret\u00e9 nationale \u00ab\u00a0un soutien fort et un pilier\u00a0\u00bb de la cons\u00e9cration de la s\u00fbret\u00e9 et de l\u2019am\u00e9lioration des services rendus aux citoyens et aux ressortissants \u00e9trangers, a-t-il soulign\u00e9.<\/p>\n<p>Le directeur g\u00e9n\u00e9ral de la s\u00fbret\u00e9 nationale a ajout\u00e9 que la c\u00e9l\u00e9bration de la polici\u00e8re consacre la place particuli\u00e8re qu\u2019elle occupe au sein de la S\u00fbret\u00e9 nationale, laquelle a r\u00e9ussi \u00e0 acc\u00e9der \u00e0 toutes les fonctions de la police, y compris celles qui exigent de \u00ab\u00a0faire face aux \u00e9preuves et dangers et relever les d\u00e9fis\u00a0\u00bb.<\/p>\n<p>Dans une d\u00e9claration \u00e0 la presse, le chef de la cellule de communication \u00e0 la pr\u00e9fecture de police d\u2019Oujda, Hassan Nejjari, a indiqu\u00e9 que cet hommage vise \u00e0 mettre l\u2019accent sur le r\u00f4le important que jouent les femmes polici\u00e8res, relevant que les femmes polici\u00e8res ont acc\u00e9d\u00e9, sur la base de l\u2019\u00e9galit\u00e9 des chances, \u00e0 toutes les fonctions et sp\u00e9cialisations de la police.<\/p>\n<\/div>\n<p>Auteur: Soufiane ELAHMAR<br \/>\n<a href=\"http:\/\/www.mapoujda.ma\/fr\/oujda-ceremonie-en-hommage-aux-femmes-policieres\/\">Cliquez ici pour lire l&rsquo;article depuis sa source.<\/a><\/p>\n","protected":false},"excerpt":{"rendered":"<p>La pr\u00e9fecture de police d\u2019Oujda a organis\u00e9, vendredi, une c\u00e9r\u00e9monie en hommage aux femmes polici\u00e8res, tous grades confondus, \u00e0 l\u2019occasion de la Journ\u00e9e internationale de la femme. Des fonctionnaires de police relevant de l\u2019ensemble des services de la pr\u00e9fecture de police d\u2019Oujda ont \u00e9t\u00e9 ainsi honor\u00e9es, en reconnaissance \u00e0 leurs efforts et \u00e0 l\u2019esprit de [&hellip;]<\/p>\n","protected":false},"author":1788,"featured_media":20552,"comment_status":"closed","ping_status":"closed","sticky":false,"template":"","format":"standard","meta":{"fifu_image_url":"","fifu_image_alt":"","footnotes":""},"categories":[54,76],"tags":[],"class_list":["post-20551","post","type-post","status-publish","format-standard","has-post-thumbnail","hentry","category-maroc","category-regions"],"_links":{"self":[{"href":"https:\/\/linitiative.ca\/International\/wp-json\/wp\/v2\/posts\/20551","targetHints":{"allow":["GET"]}}],"collection":[{"href":"https:\/\/linitiative.ca\/International\/wp-json\/wp\/v2\/posts"}],"about":[{"href":"https:\/\/linitiative.ca\/International\/wp-json\/wp\/v2\/types\/post"}],"author":[{"embeddable":true,"href":"https:\/\/linitiative.ca\/International\/wp-json\/wp\/v2\/users\/1788"}],"replies":[{"embeddable":true,"href":"https:\/\/linitiative.ca\/International\/wp-json\/wp\/v2\/comments?post=20551"}],"version-history":[{"count":0,"href":"https:\/\/linitiative.ca\/International\/wp-json\/wp\/v2\/posts\/20551\/revisions"}],"wp:featuredmedia":[{"embeddable":true,"href":"https:\/\/linitiative.ca\/International\/wp-json\/"}],"wp:attachment":[{"href":"https:\/\/linitiative.ca\/International\/wp-json\/wp\/v2\/media?parent=20551"}],"wp:term":[{"taxonomy":"category","embeddable":true,"href":"https:\/\/linitiative.ca\/International\/wp-json\/wp\/v2\/categories?post=20551"},{"taxonomy":"post_tag","embeddable":true,"href":"https:\/\/linitiative.ca\/International\/wp-json\/wp\/v2\/tags?post=20551"}],"curies":[{"name":"wp","href":"https:\/\/api.w.org\/{rel}","templated":true}]}}