{"id":20553,"date":"2019-03-08T16:43:42","date_gmt":"2019-03-08T21:43:42","guid":{"rendered":"https:\/\/linitiative.ca\/International\/8-mars-le-ministere-de-lagriculture-rend-hommage-a-son-personnel-feminin\/"},"modified":"2019-03-08T16:43:42","modified_gmt":"2019-03-08T21:43:42","slug":"8-mars-le-ministere-de-lagriculture-rend-hommage-a-son-personnel-feminin","status":"publish","type":"post","link":"https:\/\/linitiative.ca\/International\/8-mars-le-ministere-de-lagriculture-rend-hommage-a-son-personnel-feminin\/","title":{"rendered":"8 mars: Le minist\u00e8re de l\u2019Agriculture rend hommage \u00e0 son personnel f\u00e9minin"},"content":{"rendered":"<div readability=\"40\">\n<p>A l\u2019occasion de la Journ\u00e9e internationale de la femme, une c\u00e9r\u00e9monie a \u00e9t\u00e9 organis\u00e9, vendredi \u00e0 l\u2019agropole de Madagh (province de Berkane), en l\u2019honneur du personnel f\u00e9minin relevant du minist\u00e8re de l\u2019Agriculture, de la p\u00eache maritime, du d\u00e9veloppement rural et des eaux et for\u00eats.<\/p>\n<\/div>\n<div readability=\"108\">\n<p>Lors de cette rencontre \u00e0 laquelle ont assist\u00e9 des femmes repr\u00e9sentant les diff\u00e9rentes directions r\u00e9gionales de l\u2019Agriculture, des participantes ont t\u00e9moign\u00e9 de leurs parcours et de leurs exp\u00e9riences professionnelles, formant le v\u0153u de voir les droits et acquis accomplis en faveur de la femme marocaine se renforcer davantage.<\/p>\n<p>S\u2019exprimant \u00e0 cette occasion, le secr\u00e9taire g\u00e9n\u00e9ral du minist\u00e8re de l\u2019Agriculture, de la p\u00eache maritime, du d\u00e9veloppement rural et des eaux et for\u00eats, Mohamed Sadiki, a exprim\u00e9 sa fiert\u00e9 quant au r\u00f4le jou\u00e9 par les femmes marocaines en g\u00e9n\u00e9ral et celles travaillant dans le secteur agricole en particulier, et \u00e0 leur contribution \u00e0 la promotion du d\u00e9veloppement socio-\u00e9conomique dans le pays.<\/p>\n<p>L\u2019int\u00e9gration de la femme dans les diff\u00e9rentes strat\u00e9gies du minist\u00e8re, a-t-il poursuivi, figure parmi les priorit\u00e9s fix\u00e9es par le Plan Maroc Vert (PMV), qui vise entre autres \u00e0 promouvoir et \u00e0 renforcer la pr\u00e9sence de la femme rurale dans le processus de prise de d\u00e9cision au sein des associations et coop\u00e9ratives en milieu rural, et \u00e0 am\u00e9liorer les conditions de vie de cette frange de la soci\u00e9t\u00e9.<\/p>\n<p>Et d\u2019ajouter que cette journ\u00e9e constitue un rendez-vous annuel pour faire le point sur les acquis et les efforts d\u00e9ploy\u00e9s en vue d\u2019am\u00e9liorer la situation de la femme marocaine en l\u2019\u00e9rigeant au c\u0153ur de la strat\u00e9gie de d\u00e9veloppement, et permet aussi de mettre en avant la comp\u00e9tence de la gent f\u00e9minine, tous domaines confondus.<\/p>\n<p>M. Sadiki a \u00e9galement soulign\u00e9 les efforts d\u00e9ploy\u00e9s pour augmenter le nombre de femmes au niveau des structures du minist\u00e8re et pour favoriser leur promotion et leur acc\u00e8s aux postes de responsabilit\u00e9.<\/p>\n<p><img class=\"aligncenter wp-image-10710\" data-src=\"http:\/\/www.mapoujda.ma\/map\/uploads\/2019\/03\/le-personnel-f\u00e9minin-du-minist\u00e8re-de-lAgriculture-de-la-p\u00eache-maritime-du-d\u00e9veloppement-rural-et-des-eaux-et-for\u00eats-\u00e0-Berkane.jpg\" alt=\"\" width=\"523\" height=\"300\" srcset=\"http:\/\/www.mapoujda.ma\/map\/uploads\/2019\/03\/le-personnel-f\u00e9minin-du-minist\u00e8re-de-lAgriculture-de-la-p\u00eache-maritime-du-d\u00e9veloppement-rural-et-des-eaux-et-for\u00eats-\u00e0-Berkane.jpg 750w, http:\/\/www.mapoujda.ma\/map\/uploads\/2019\/03\/le-personnel-f\u00e9minin-du-minist\u00e8re-de-lAgriculture-de-la-p\u00eache-maritime-du-d\u00e9veloppement-rural-et-des-eaux-et-for\u00eats-\u00e0-Berkane-300x172.jpg 300w\" sizes=\"(max-width: 523px) 100vw, 523px\"\/><\/p>\n<p>Entre 2008 et 2018, le pourcentage de femmes fonctionnaires au sein du minist\u00e8re de l\u2019Agriculture est pass\u00e9 de 26% \u00e0 33%, alors que le pourcentage des femmes cadres est pass\u00e9 de 25% \u00e0 40%, a-t-il fait savoir, ajoutant que la part de femmes occupant des postes de responsabilit\u00e9 au sein du minist\u00e8re s\u2019\u00e9tablit \u00e0 26% contre 18% en 2008.<\/p>\n<p>Il a aussi relev\u00e9 que le minist\u00e8re a mis en place un organe charg\u00e9 de g\u00e9n\u00e9raliser l\u2019approche genre via notamment la cr\u00e9ation d\u2019une cellule de formation et de recherche, l\u2019int\u00e9gration de l\u2019approche genre dans le guide de proc\u00e9dures relatif au pilier II du PMV et la mobilisation depuis 2015 d\u2019un budget annuel visant la r\u00e9duction des in\u00e9galit\u00e9s de genre.<\/p>\n<p>Pour sa part, la pr\u00e9sidente de la Fondation pour la Promotion des \u0152uvres Sociales du Personnel de ce d\u00e9partement, Nadia Legdali a indiqu\u00e9 que cette Journ\u00e9e se veut l\u2019expression d\u2019une reconnaissance des efforts consentis par la femme travaillant dans le secteur agricole.<\/p>\n<p>Elle a par ailleurs tenu \u00e0 rappeler les objectifs de la Fondation qui a plac\u00e9 au c\u0153ur de ses pr\u00e9occupations la promotion de l\u2019action sociale afin de r\u00e9pondre aux attentes de ses adh\u00e9rentes et adh\u00e9rents, faisant savoir que cet \u00e9tablissement projette de mieux diversifier ses prestations et offres, le but \u00e9tant d\u2019encourager les fonctionnaires et renforcer leurs comp\u00e9tences personnelles.<\/p>\n<p>D\u2019autres intervenantes ont soulign\u00e9 les r\u00e9alisations accomplies par la femme marocaine depuis l\u2019intronisation de SM le Roi Mohammed VI, notamment avec la Constitution de 2011 qui a consacr\u00e9 le principe de la parit\u00e9 Homme\/Femme.<\/p>\n<p>Cette c\u00e9l\u00e9bration a \u00e9t\u00e9 marqu\u00e9e par l\u2019exposition, dans l\u2019enceinte de l\u2019agropole, des produits de plusieurs coop\u00e9ratives et associations \u0153uvrant dans les secteurs des produits de terroir et de l\u2019\u00e9conomie sociale et solidaire. Des spectacles anim\u00e9s ont \u00e9t\u00e9 \u00e9galement au menu de cette c\u00e9r\u00e9monie d\u2019hommage.<\/p>\n<\/div>\n<p>Auteur: Soufiane ELAHMAR<br \/>\n<a href=\"http:\/\/www.mapoujda.ma\/fr\/8-mars-le-ministere-de-lagriculture-rend-hommage-a-son-personnel-feminin\/\">Cliquez ici pour lire l&rsquo;article depuis sa source.<\/a><\/p>\n","protected":false},"excerpt":{"rendered":"<p>A l\u2019occasion de la Journ\u00e9e internationale de la femme, une c\u00e9r\u00e9monie a \u00e9t\u00e9 organis\u00e9, vendredi \u00e0 l\u2019agropole de Madagh (province de Berkane), en l\u2019honneur du personnel f\u00e9minin relevant du minist\u00e8re de l\u2019Agriculture, de la p\u00eache maritime, du d\u00e9veloppement rural et des eaux et for\u00eats. Lors de cette rencontre \u00e0 laquelle ont assist\u00e9 des femmes repr\u00e9sentant [&hellip;]<\/p>\n","protected":false},"author":1788,"featured_media":20554,"comment_status":"closed","ping_status":"closed","sticky":false,"template":"","format":"standard","meta":{"fifu_image_url":"","fifu_image_alt":"","footnotes":""},"categories":[54,76],"tags":[],"class_list":["post-20553","post","type-post","status-publish","format-standard","has-post-thumbnail","hentry","category-maroc","category-regions"],"_links":{"self":[{"href":"https:\/\/linitiative.ca\/International\/wp-json\/wp\/v2\/posts\/20553","targetHints":{"allow":["GET"]}}],"collection":[{"href":"https:\/\/linitiative.ca\/International\/wp-json\/wp\/v2\/posts"}],"about":[{"href":"https:\/\/linitiative.ca\/International\/wp-json\/wp\/v2\/types\/post"}],"author":[{"embeddable":true,"href":"https:\/\/linitiative.ca\/International\/wp-json\/wp\/v2\/users\/1788"}],"replies":[{"embeddable":true,"href":"https:\/\/linitiative.ca\/International\/wp-json\/wp\/v2\/comments?post=20553"}],"version-history":[{"count":0,"href":"https:\/\/linitiative.ca\/International\/wp-json\/wp\/v2\/posts\/20553\/revisions"}],"wp:featuredmedia":[{"embeddable":true,"href":"https:\/\/linitiative.ca\/International\/wp-json\/"}],"wp:attachment":[{"href":"https:\/\/linitiative.ca\/International\/wp-json\/wp\/v2\/media?parent=20553"}],"wp:term":[{"taxonomy":"category","embeddable":true,"href":"https:\/\/linitiative.ca\/International\/wp-json\/wp\/v2\/categories?post=20553"},{"taxonomy":"post_tag","embeddable":true,"href":"https:\/\/linitiative.ca\/International\/wp-json\/wp\/v2\/tags?post=20553"}],"curies":[{"name":"wp","href":"https:\/\/api.w.org\/{rel}","templated":true}]}}