{"id":20555,"date":"2019-03-09T09:08:10","date_gmt":"2019-03-09T14:08:10","guid":{"rendered":"https:\/\/linitiative.ca\/International\/la-filiere-agrumicole-un-levier-de-developpement-socio-economique-qui-garantit-plus-de-120-000-emplois-stables-m-sadiki\/"},"modified":"2019-03-09T09:08:10","modified_gmt":"2019-03-09T14:08:10","slug":"la-filiere-agrumicole-un-levier-de-developpement-socio-economique-qui-garantit-plus-de-120-000-emplois-stables-m-sadiki","status":"publish","type":"post","link":"https:\/\/linitiative.ca\/International\/la-filiere-agrumicole-un-levier-de-developpement-socio-economique-qui-garantit-plus-de-120-000-emplois-stables-m-sadiki\/","title":{"rendered":"La fili\u00e8re agrumicole, un levier de d\u00e9veloppement socio-\u00e9conomique qui garantit plus de 120.000 emplois stables (M. Sadiki)"},"content":{"rendered":"<div readability=\"41\">\n<p>La fili\u00e8re agrumicole constitue un levier de d\u00e9veloppement socio-\u00e9conomique sur les plans r\u00e9gional et national et garantit plus de 120.000 emplois stables, a indiqu\u00e9, vendredi \u00e0 Madagh (province de Berkane), le secr\u00e9taire g\u00e9n\u00e9ral du minist\u00e8re de l\u2019Agriculture, de la p\u00eache maritime, du d\u00e9veloppement rural et des eaux et for\u00eats, Mohamed Sadiki.<\/p>\n<\/div>\n<div readability=\"126\">\n<p>Cette fili\u00e8re qui couvre une superficie de 128.000 ha, assure une production de 2,3 millions de tonnes par an, dont une quantit\u00e9 de 650.000 tonnes destin\u00e9es \u00e0 l\u2019export et g\u00e9n\u00e8re un chiffre d\u2019affaires de 3 milliards de dirhams par an, a fait savoir M. Sadiki \u00e0 l\u2019ouverture de la 2\u00e8me \u00e9dition des Journ\u00e9es nationales des agrumes, qui se tiennent les 8 et 9 mars \u00e0 Madagh (Berkane) sous le th\u00e8me \u00ab\u00a0Le contrat-programme, l\u2019\u00e9tat des lieux et les perceptives\u00a0\u00bb.<\/p>\n<p>Cette rencontre, qui vient 10 ans apr\u00e8s le lancement du contrat-programme 2008-2018 visant la valorisation de la production, a pour but de faire le point sur les acquis r\u00e9alis\u00e9s et pour examiner les contraintes auxquelles font face les producteurs, a-t-il dit.<\/p>\n<p>M. Sadiki a mis en avant le partenariat et l\u2019approche participative \u00e9tablie entre le gouvernement et les professionnels du secteur ainsi que les r\u00e9sultats positifs r\u00e9alis\u00e9s en la mati\u00e8re, avec une production qui a atteint cette saison 2,6 millions de tonnes contre 1,3 million de tonnes en 2008.<\/p>\n<p>Il a \u00e9galement \u00e9voqu\u00e9 les efforts consentis pour am\u00e9liorer davantage la fili\u00e8re des agrumes, dont notamment le soutien \u00e0 la cr\u00e9ation de 47 unit\u00e9s de conditionnement via un r\u00e9gime d\u2019incitations qui va de 25 \u00e0 30% avec un plafond de 21 MDH, et l\u2019encouragement de la de fabrication de jus des agrumes avec la pr\u00e9sentation de subventions tr\u00e8s importantes.<\/p>\n<p>Et pour faire face aux contraintes ayant marqu\u00e9 la saison actuelle, notamment l\u2019incapacit\u00e9 du march\u00e9 int\u00e9rieur \u00e0 absorber les surplus, le ministre de l\u2019Agriculture, de la p\u00eache maritime, du d\u00e9veloppement rural et des eaux et for\u00eats, Aziz Akhannouch a rencontr\u00e9, le 9 janvier dernier, les professionnels du secteur pour examiner la situation de la fili\u00e8re, rappelle M. Sadiki, notant que cette r\u00e9union a d\u00e9bouch\u00e9 sur la cr\u00e9ation d\u2019un comit\u00e9 charg\u00e9 d\u2019apporter les solutions susceptibles de surmonter les diff\u00e9rents d\u00e9fis.<\/p>\n<p>Pour sa part, le gouverneur de la province de Berkane, Mohamed Ali Habouha, a soulign\u00e9 que le Plan Maroc Vert, lanc\u00e9 par SM le Roi Mohammed VI, a cr\u00e9\u00e9 une forte dynamique \u00e0 m\u00eame de valoriser et moderniser le secteur et \u00e0 soutenir les agriculteurs.<\/p>\n<p>La fili\u00e8re des agrumes joue un r\u00f4le tr\u00e8s important dans la d\u00e9veloppement socio-\u00e9conomique et dans la cr\u00e9ation d\u2019emplois, a-t-il dit, faisant observer que le secteur fait face n\u00e9anmoins \u00e0 une forte concurrence \u00e0 l\u2019\u00e9chelle internationale, ce qui requiert davantage d\u2019efforts en vue de surmonter ce d\u00e9fi.<\/p>\n<p>De son c\u00f4t\u00e9, le pr\u00e9sident de l\u2019Association des producteurs d\u2019agrumes au Maroc, Abdellah Jrid a insist\u00e9 sur la n\u00e9cessit\u00e9 de la valorisation et la transformation des agrumes en vue de promouvoir le secteur, et sur l\u2019imp\u00e9ratif de conqu\u00e9rir de nouveaux march\u00e9s internationaux notamment ceux de l\u2019Afrique et de l\u2019Am\u00e9rique.<\/p>\n<p>\u00ab\u00a0Cette ann\u00e9e a \u00e9t\u00e9 exceptionnelle en termes de production non seulement pour le Maroc mais aussi pour l\u2019ensemble des pays du bassin m\u00e9diterran\u00e9en\u00a0\u00bb, a-t-il fait remarquer, notant, par ailleurs, que la multiplicit\u00e9 des interm\u00e9diaires entre producteurs et consommateurs constitue la principale entrave \u00e0 la promotion de la commercialisation des agrumes.<\/p>\n<p>Quant au pr\u00e9sident de la Conf\u00e9d\u00e9ration marocaine de l\u2019agriculture et du d\u00e9veloppement rural, Mohamed Ouayach, il a relev\u00e9 que les r\u00e9sultats du contrat-programme sign\u00e9 il y a 10 ans ont \u00e9t\u00e9 significatifs, appelant \u00e0 plus d\u2019efforts pour am\u00e9liorer les circuits de commercialisation au niveau national et d\u00e9velopper la cha\u00eene de valeur de la fili\u00e8re.<\/p>\n<p>Plusieurs th\u00e8mes sont au menu de ces Journ\u00e9es \u00e0 savoir \u00ab\u00a0le contrat-programme 2008-2018, bilan et perspectives\u00a0\u00bb, \u00ab\u00a0horizons de d\u00e9veloppement des exportations des agrumes\u00a0\u00bb, \u00ab\u00a0la probl\u00e9matique du march\u00e9 int\u00e9rieur\u00a0\u00bb et \u00ab\u00a0les opportunit\u00e9s offertes par le march\u00e9 africain\u00a0\u00bb.<\/p>\n<\/div>\n<p>Auteur: Soufiane ELAHMAR<br \/>\n<a href=\"http:\/\/www.mapoujda.ma\/fr\/la-filiere-agrumicole-un-levier-de-developpement-socio-economique-qui-garantit-plus-de-120-000-emplois-stables-m-sadiki\/\">Cliquez ici pour lire l&rsquo;article depuis sa source.<\/a><\/p>\n","protected":false},"excerpt":{"rendered":"<p>La fili\u00e8re agrumicole constitue un levier de d\u00e9veloppement socio-\u00e9conomique sur les plans r\u00e9gional et national et garantit plus de 120.000 emplois stables, a indiqu\u00e9, vendredi \u00e0 Madagh (province de Berkane), le secr\u00e9taire g\u00e9n\u00e9ral du minist\u00e8re de l\u2019Agriculture, de la p\u00eache maritime, du d\u00e9veloppement rural et des eaux et for\u00eats, Mohamed Sadiki. Cette fili\u00e8re qui couvre [&hellip;]<\/p>\n","protected":false},"author":1788,"featured_media":0,"comment_status":"closed","ping_status":"closed","sticky":false,"template":"","format":"standard","meta":{"fifu_image_url":"","fifu_image_alt":"","footnotes":""},"categories":[54,76],"tags":[],"class_list":["post-20555","post","type-post","status-publish","format-standard","hentry","category-maroc","category-regions"],"_links":{"self":[{"href":"https:\/\/linitiative.ca\/International\/wp-json\/wp\/v2\/posts\/20555","targetHints":{"allow":["GET"]}}],"collection":[{"href":"https:\/\/linitiative.ca\/International\/wp-json\/wp\/v2\/posts"}],"about":[{"href":"https:\/\/linitiative.ca\/International\/wp-json\/wp\/v2\/types\/post"}],"author":[{"embeddable":true,"href":"https:\/\/linitiative.ca\/International\/wp-json\/wp\/v2\/users\/1788"}],"replies":[{"embeddable":true,"href":"https:\/\/linitiative.ca\/International\/wp-json\/wp\/v2\/comments?post=20555"}],"version-history":[{"count":0,"href":"https:\/\/linitiative.ca\/International\/wp-json\/wp\/v2\/posts\/20555\/revisions"}],"wp:attachment":[{"href":"https:\/\/linitiative.ca\/International\/wp-json\/wp\/v2\/media?parent=20555"}],"wp:term":[{"taxonomy":"category","embeddable":true,"href":"https:\/\/linitiative.ca\/International\/wp-json\/wp\/v2\/categories?post=20555"},{"taxonomy":"post_tag","embeddable":true,"href":"https:\/\/linitiative.ca\/International\/wp-json\/wp\/v2\/tags?post=20555"}],"curies":[{"name":"wp","href":"https:\/\/api.w.org\/{rel}","templated":true}]}}