{"id":20578,"date":"2019-03-08T18:00:00","date_gmt":"2019-03-08T23:00:00","guid":{"rendered":"https:\/\/linitiative.ca\/International\/trois-ministres-devant-les-deputes\/"},"modified":"2019-03-08T18:00:00","modified_gmt":"2019-03-08T23:00:00","slug":"trois-ministres-devant-les-deputes","status":"publish","type":"post","link":"https:\/\/linitiative.ca\/International\/trois-ministres-devant-les-deputes\/","title":{"rendered":"Trois ministres devant les d\u00e9put\u00e9s"},"content":{"rendered":"<p>\u00abLe minist\u00e8re de l\u2019Industrie et des Mines est en passe de coordonner avec le minist\u00e8re des Finances, en vue de r\u00e9examiner l&rsquo;amendement des listes n\u00e9gatives et services \u00e9ligibles \u00e0 b\u00e9n\u00e9ficier des avantages d&rsquo;investissement\u00bb, a annonc\u00e9 M. Youcef Yousfi.<\/p>\n<p>Le ministre, qui a r\u00e9pondu \u00e0 une question orale du d\u00e9put\u00e9 Messaoud Bouderradji, du Rassemblement national d\u00e9mocratique (RND), lors d&rsquo;une s\u00e9ance pl\u00e9ni\u00e8re, a fait savoir que cet examen a pour but d\u2019\u00e9largir le domaine des activit\u00e9s b\u00e9n\u00e9ficiant de ces avantages.\u00a0<\/p>\n<p>En effet, M. Yousfi a indiqu\u00e9 que la modification des listes se fait sur la base d&rsquo;une d\u00e9cision \u00e9mise par le Conseil national de l&rsquo;investissement (CNI) portant amendement des dispositions du d\u00e9cret ex\u00e9cutif du 5 mars 2017 fixant les listes n\u00e9gatives, les seuils d&rsquo;\u00e9ligibilit\u00e9 et les modalit\u00e9s d&rsquo;application des avantages aux diff\u00e9rents types d&rsquo;investissement.\u00a0<\/p>\n<p>\u00abParmi les activit\u00e9s devant b\u00e9n\u00e9ficier, \u00e0 nouveau, de ces avantages : la production des eaux min\u00e9rales, les transports publics, les chambres froides, la production des mat\u00e9riaux d&#8217;emballage et la location d&rsquo;\u00e9quipement agricole\u00bb, a-t-il \u00e9num\u00e9r\u00e9, tout en affirmant que l&rsquo;\u00e9largissement de la liste des activit\u00e9s \u00e9ligibles aux avantages stimulera l&rsquo;investissement dans plusieurs wilayas.\u00a0<\/p>\n<p>Le ministre a estim\u00e9, \u00e0 ce propos, que l&rsquo;\u00e9quilibre r\u00e9gional \u00e0 travers tout le territoire national est consid\u00e9r\u00e9 comme l&rsquo;un des objectifs essentiels de la loi sur l&rsquo;investissement, promulgu\u00e9e en 2016, qui apporte un syst\u00e8me compl\u00e9mentaire, en vue d&rsquo;attirer et de promouvoir les investissements, selon un syst\u00e8me progressif reposant sur trois types d&rsquo;avantage, \u00e0 savoir les avantages communs, les avantages suppl\u00e9mentaires et les avantages exceptionnels.<\/p>\n<p>\u00c9voquant le cas de la wilaya de M\u00e9d\u00e9a, une wilaya \u00e0 vocation agricole par excellence, le premier responsable du secteur a fait remarquer que vingt communes de cette wilaya avaient \u00e9t\u00e9 inscrites sur la liste des r\u00e9gions dont le d\u00e9veloppement requiert une contribution particuli\u00e8re de l&rsquo;\u00c9tat et dont les projets qui y sont implant\u00e9s b\u00e9n\u00e9ficient des avantages suppl\u00e9mentaires qui sont stipul\u00e9s par la loi.\u00a0<\/p>\n<p>La wilaya comprend 16 r\u00e9gions d&rsquo;activit\u00e9, trois zones industrielles et un important parc industriel en phase de r\u00e9habilitation, s&rsquo;\u00e9talant sur une surface globale estim\u00e9e \u00e0 1.000 hectares.\u00a0<\/p>\n<p>\u00abLa r\u00e9habilitation des ces terrains industriels a n\u00e9cessit\u00e9 plus de 351 millions de DA qui ont \u00e9t\u00e9 affect\u00e9s \u00e0 la r\u00e9habilitation des deux zones industrielles, Harbil et Berrouaghia, ainsi qu&rsquo;\u00e0 une zone d&rsquo;activit\u00e9 \u00e0 Ksar El-Boukhari\u00bb, a-t-il dit. Aussi, pas moins de 910 projets inscrits a M\u00e9d\u00e9a aupr\u00e8s de l&rsquo;Agence nationale du d\u00e9veloppement des investissements (ANDI), entre 2002 et 2018, dont des projets avec des capitaux nationaux et d&rsquo;autres en partenariat avec des \u00e9trangers, moyennant un montant global d\u00e9passant les 97 milliards de DA. Ceci permettra, selon le ministre, de cr\u00e9er pas moins de 11.000 postes d&#8217;emploi directs, en cas d&rsquo;entr\u00e9e de ces projets dans la phase d&rsquo;exploitation.<\/p>\n<p>\u00abCes projets sont r\u00e9partis sur sept secteurs importants, dont chacun est au service de la population de la wilaya, et se concentrent, pour la plupart, sur les secteurs des Transports, de l&rsquo;Industrie, des Travaux publics, des services, de la Sant\u00e9 et du Tourisme\u00bb, a expliqu\u00e9 le ministre.\u00a0<\/p>\n<p><strong>Vers la r\u00e9ouverture de l\u2019usine de production de levure \u00e0 Guelma<\/strong><\/p>\n<p>Par ailleurs, et en r\u00e9ponse \u00e0 une question orale du d\u00e9put\u00e9 de l&rsquo;Assembl\u00e9e populaire nationale (APN), Hassan Laribi (alliance Adala-Ennahda-Bina), M. Yousfi a annonc\u00e9 que le groupe industriel Agrodiv \u00e9tait en contact avec 12 op\u00e9rateurs nationaux activant dans l&rsquo;industrie des levures, pour relancer l&rsquo;usine de production de la levure alimentaire dans la commune de Bouchegouf (Guelma), ferm\u00e9e depuis 2002.\u00a0<\/p>\n<p>Le ministre a mis en avant l&rsquo;importance de cette op\u00e9ration dans la r\u00e9duction de la facture d&rsquo;importation de ce produit de large consommation.\u00a0<\/p>\n<p>\u00abCette usine a arr\u00eat\u00e9 son activit\u00e9 d\u00e9but 2002, en raison de la v\u00e9tust\u00e9 de son mat\u00e9riel datant des ann\u00e9es 1980, et de l&rsquo;absence de stations externes de filtrage et de traitement des d\u00e9chets industriels, indispensables \u00e0 l&rsquo;exercice de ce type d&rsquo;activit\u00e9 industrielle\u00bb, a expliqu\u00e9 le ministre.\u00a0<\/p>\n<p>Il a ajout\u00e9, a ce propos , que dans la perspective de relancer cette usine, le groupe Agrodiv a eu des n\u00e9gociations avec un partenaire \u00e9tranger, pionnier dans l&rsquo;industrie des levures, mais sans parvenir \u00e0 un accord satisfaisant pour les deux parties, en raison de consid\u00e9rations \u00e9conomiques et juridiques n&rsquo;ayant pas permis de r\u00e9pondre aux conditions du partenaire \u00e9tranger.\u00a0<\/p>\n<p>\u00abLe groupe s&rsquo;est ensuite orient\u00e9 vers des op\u00e9rateurs nationaux, pour la relance de l&rsquo;activit\u00e9 de l&rsquo;usine, en leur demandant de fournir des \u00e9tudes technico-financi\u00e8res exhaustives pour le d\u00e9veloppement des \u00e9quipements de production\u00bb, a indiqu\u00e9 M.\u2008Yousfi.<\/p>\n<p>Il a \u00e9galement not\u00e9 que le groupe est actuellement en contact avec 12 op\u00e9rateurs sp\u00e9cialis\u00e9s dans ce type d&rsquo;industrie. L&rsquo;exploitation du projet, qui se fera imm\u00e9diatement apr\u00e8s la finalisation de ces \u00e9tudes, permettra de cr\u00e9er des postes d&#8217;emploi directs et indirects dans la r\u00e9gion, en sus de contribuer grandement \u00e0 r\u00e9duire la facture des importations de ce produits. \u00abIl y a une vraie volont\u00e9 politique pour relancer le secteur de l&rsquo;industrie qui conna\u00eet une dynamique dans tous les segments d&rsquo;activit\u00e9\u00bb, a-t-il conclu.\u00a0<\/p>\n<p>Synth\u00e8se de :<\/p>\n<p>\u00a0Sarah A. Benali Cherif<\/p>\n<p><strong>Projet du film l\u2019\u00e9mir Abdelkader\u00a0<\/strong><\/p>\n<div readability=\"27.5\">\n<p><strong>Gel\u00e9 pour des raisons techniques<\/strong><\/p>\n<div readability=\"48\">\n<p>\u00a0Le projet de production d&rsquo;un film sur la vie du fondateur de l&rsquo;\u00c9tat alg\u00e9rien moderne, l&rsquo;\u00e9mir Abdelkader, est toujours d\u2019actualit\u00e9. C\u2019est ce qu\u2019a affirm\u00e9 le ministre de la Culture, Azzedine Mihoubi. R\u00e9pondant \u00e0 une question d&rsquo;un d\u00e9put\u00e9, lors d&rsquo;une s\u00e9ance pl\u00e9ni\u00e8re de l&rsquo;Assembl\u00e9e populaire nationale (APN), le ministre a, cependant, fait savoir que le compte consacr\u00e9 au financement de cette \u0153uvre cin\u00e9matographique est gel\u00e9 jusqu&rsquo;\u00e0 nouvel ordre. \u00abCe projet, confi\u00e9 au d\u00e9but \u00e0 l&rsquo;Agence alg\u00e9rienne du rayonnement culturel (AARC), a \u00e9t\u00e9 gel\u00e9, pour des raisons techniques et logistiques li\u00e9es principalement au sc\u00e9nario et au d\u00e9cor\u00bb, a-t-il expliqu\u00e9. M. Mihoubi a rappel\u00e9 que le projet a \u00e9t\u00e9 relanc\u00e9 en 2011et financ\u00e9 par l&rsquo;Office national des droits d&rsquo;auteur et droits voisins (ONDA), \u00e0 hauteur de 2 milliards DA.\u00a0 \u00abLe projet du film sur l&rsquo;\u00e9mir Abdelkader sera maintenu jusqu&rsquo;au d\u00e9blocage des fonds, pour la production d&rsquo;un grand film qui serait \u00e0 la hauteur de cette figure historique\u00bb, a-t-il dit.\u00a0<\/p>\n<p>\u00a0Aussi, le ministre a rappel\u00e9 qu\u2019un acte notari\u00e9 a \u00e9t\u00e9 \u00e9tabli entre l&rsquo;AARC, et le producteur franco-am\u00e9ricain portant sur le montant affect\u00e9 au r\u00e9alisateur et au producteur pour la r\u00e9alisation de ce film. Par ailleurs, et pour ce qui est des proc\u00e9dures \u00e0 suivre pour la restauration de la mosqu\u00e9e Sidi Ghanem, dans la wilaya de Mila, M. Mihoubi a annonc\u00e9 que son d\u00e9partement avait d\u00e9bloqu\u00e9 r\u00e9cemment une enveloppe estim\u00e9e \u00e0 140 millions DA pour la restauration de ce monument historique, deuxi\u00e8me ancienne mosqu\u00e9e d&rsquo;Afrique et du Maghreb.\u00a0<\/p>\n<p>\u00abApr\u00e8s la lev\u00e9e du gel sur l&rsquo;op\u00e9ration de restauration de cette mosqu\u00e9e, un bureau d&rsquo;\u00e9tudes alg\u00e9rien a \u00e9t\u00e9 charg\u00e9 de l&rsquo;\u00e9laboration d&rsquo;une \u00e9tude qui est d\u00e9j\u00e0 en cours\u00bb, a-t-il dit. Il y a lieu de dire que la mosqu\u00e9e Sidi Ghanem, \u00e9rig\u00e9e sur les vestiges d&rsquo;une \u00e9glise romaine par le compagnon du Proph\u00e8te (QSSSL), Mohadjer Abu Dinar, en 59 h\u00e9gire (678 Apr JC), est l&rsquo;une des plus vieilles mosqu\u00e9es d&rsquo;Afrique remontant aux conqu\u00eates musulmanes en Afrique du Nord.\u00a0<\/p>\n<p>S. A. B. C.<\/p>\n<div readability=\"29\">\n<p><strong>Jeunesse et sports dans la wilaya de Chlef<\/strong><\/p>\n<p><strong>De centaines de projets r\u00e9alis\u00e9s<\/strong><\/p>\n<div readability=\"45\">\n<p>\u00abLa wilaya a vu l&rsquo;inscription de 196 op\u00e9rations qui ont donn\u00e9 lieu \u00e0 650 projets, avec une autorisation de programme de 11 milliards 656 millions de DA r\u00e9partis sur 239 projets achev\u00e9s et r\u00e9ceptionn\u00e9s et 108 en cours de r\u00e9alisation\u00bb, a fait savoir le ministre de la Jeunesse et des Sports, Mohamed Hattab. Le ministre, qui a r\u00e9pondu \u00e0 une question orale du d\u00e9put\u00e9 Youcef Rekkouche portant sur l&rsquo;absence de stades \u00e0 pelouse artificielle dans la wilaya de Chlef, a fait savoir que les chiffres d\u00e9montrent, d\u2019une mani\u00e8re claire, l\u2019importance qu\u2019accorde le gouvernement \u00e0 la jeunesse alg\u00e9rienne, en g\u00e9n\u00e9rale, et ch\u00e9lifienne, en particulier.\u00a0<\/p>\n<p>Il mettra en exergue, \u00e0 ce propos, la r\u00e9alisation de 15 stades de football, 37 autres \u00e0 pelouse artificielle et 6 au sein de complexes de proximit\u00e9.<\/p>\n<p>Le ministre avait indiqu\u00e9 que le nombre de stades r\u00e9alis\u00e9s et \u00e9quip\u00e9s de pelouse artificielle dans la wilaya de Chlef s&rsquo;\u00e9levait \u00e0 58, et que 10 autres seront bient\u00f4t r\u00e9ceptionn\u00e9s, affirmant que son d\u00e9partement veillait \u00e0 assurer un \u00e9quilibre entre toutes les communes de la wilaya.\u00a0<\/p>\n<p>De son c\u00f4t\u00e9, le parlementaire M. Rekkouche a appel\u00e9 le ministre \u00e0 effectuer une visite, non pas pour inspecter les m\u00eames projets en ignorant d&rsquo;autres, comme le Centre de pr\u00e9paration et de regroupement de l&rsquo;\u00e9lite sportive de Chlef (CREPS).\u00a0 Il dit \u00e9galement que le secteur du Sport dans la wilaya de Chlef a b\u00e9n\u00e9fici\u00e9, ces derni\u00e8res ann\u00e9es, de 1.300 milliards de centimes, mais les jeunes sont priv\u00e9s d&rsquo;un stade \u00e0 pelouse artificielle. \u00abLe rapport de l&rsquo;Assembl\u00e9e populaire de wilaya (APW) sur le secteur du Sport fait \u00e9tat de l&rsquo;affectation d&rsquo;une enveloppe de 1.300 milliards de centimes, alors que les jeunes de la wilaya sont priv\u00e9s de ce genre de stades\u00bb, a-t-il regrett\u00e9.\u00a0<\/p>\n<p>S. A. B. C.<\/p>\n<\/div>\n<\/div>\n<\/div>\n<\/div>\n<p>Auteur: elmoudjahid<br \/>\n<a href=\"http:\/\/www.elmoudjahid.com\/fr\/actualites\/134549\">Cliquez ici pour lire l&rsquo;article depuis sa source.<\/a><\/p>\n","protected":false},"excerpt":{"rendered":"<p>\u00abLe minist\u00e8re de l\u2019Industrie et des Mines est en passe de coordonner avec le minist\u00e8re des Finances, en vue de r\u00e9examiner l&rsquo;amendement des listes n\u00e9gatives et services \u00e9ligibles \u00e0 b\u00e9n\u00e9ficier des avantages d&rsquo;investissement\u00bb, a annonc\u00e9 M. Youcef Yousfi. Le ministre, qui a r\u00e9pondu \u00e0 une question orale du d\u00e9put\u00e9 Messaoud Bouderradji, du Rassemblement national d\u00e9mocratique [&hellip;]<\/p>\n","protected":false},"author":1744,"featured_media":0,"comment_status":"closed","ping_status":"closed","sticky":false,"template":"","format":"standard","meta":{"fifu_image_url":"","fifu_image_alt":"","footnotes":""},"categories":[73,53],"tags":[],"class_list":["post-20578","post","type-post","status-publish","format-standard","hentry","category-actualite","category-algerie"],"_links":{"self":[{"href":"https:\/\/linitiative.ca\/International\/wp-json\/wp\/v2\/posts\/20578","targetHints":{"allow":["GET"]}}],"collection":[{"href":"https:\/\/linitiative.ca\/International\/wp-json\/wp\/v2\/posts"}],"about":[{"href":"https:\/\/linitiative.ca\/International\/wp-json\/wp\/v2\/types\/post"}],"author":[{"embeddable":true,"href":"https:\/\/linitiative.ca\/International\/wp-json\/wp\/v2\/users\/1744"}],"replies":[{"embeddable":true,"href":"https:\/\/linitiative.ca\/International\/wp-json\/wp\/v2\/comments?post=20578"}],"version-history":[{"count":0,"href":"https:\/\/linitiative.ca\/International\/wp-json\/wp\/v2\/posts\/20578\/revisions"}],"wp:attachment":[{"href":"https:\/\/linitiative.ca\/International\/wp-json\/wp\/v2\/media?parent=20578"}],"wp:term":[{"taxonomy":"category","embeddable":true,"href":"https:\/\/linitiative.ca\/International\/wp-json\/wp\/v2\/categories?post=20578"},{"taxonomy":"post_tag","embeddable":true,"href":"https:\/\/linitiative.ca\/International\/wp-json\/wp\/v2\/tags?post=20578"}],"curies":[{"name":"wp","href":"https:\/\/api.w.org\/{rel}","templated":true}]}}