{"id":20580,"date":"2019-03-08T18:00:00","date_gmt":"2019-03-08T23:00:00","guid":{"rendered":"https:\/\/linitiative.ca\/International\/25e-anniversaire-de-lassassinat-dabdelkader-alloula\/"},"modified":"2019-03-08T18:00:00","modified_gmt":"2019-03-08T23:00:00","slug":"25e-anniversaire-de-lassassinat-dabdelkader-alloula","status":"publish","type":"post","link":"https:\/\/linitiative.ca\/International\/25e-anniversaire-de-lassassinat-dabdelkader-alloula\/","title":{"rendered":"25e anniversaire de l\u2019assassinat d\u2019Abdelkader Alloula"},"content":{"rendered":"<p>\u00c0 la diff\u00e9rence des ann\u00e9es pr\u00e9c\u00e9dentes, le Th\u00e9\u00e2tre r\u00e9gional d\u2019Oran a choisi de comm\u00e9morer le triste\u00a0 25e anniversaire de l\u2019assassinat de la l\u00e9gende du 4e art alg\u00e9rien, Abdelkader Alloula, en reproduisant deux de ses c\u00e9l\u00e8bres pi\u00e8ces, en l\u2019occurrence Eladjwad et Arlequin, explique Morad Senouci,directeur du TRO, dans une d\u00e9claration \u00e0 notre journal.\u00a0<\/p>\n<div readability=\"57\">\n<p>En effet, la g\u00e9n\u00e9rale d\u2019Eladjwad coproduite par le th\u00e9\u00e2tre d\u2019Oran, l\u2019association Istijmam et la fondation Alloula, sera pr\u00e9sent\u00e9e aujourd\u2019hui en fin d\u2019apr\u00e8s-midi au TRO d\u2019Oran. \u00abCet \u00e9v\u00e8nement s\u2019inscrit dans le cadre des activit\u00e9s rendant hommage \u00e0 Abdelkader Alloula et qui se d\u00e9roulement du 9 au 16 de ce mois. Il faut noter que le projet de la reproduction d\u2019Eladjwad est soutenu par la wilaya d\u2019Oran et le minist\u00e8re de la Culture.\u00a0<\/p>\n<p>Pour cette ann\u00e9e, nous avons souhait\u00e9 rendre hommage \u00e0 Alloula en reproduisant et faisant revivre deux de ses plus c\u00e9l\u00e8bres pi\u00e8ces. \u00abNous voulons que les nouvelles g\u00e9n\u00e9rations d\u00e9couvrent les \u0153uvres de Alloula\u00bb, pr\u00e9cise Morad Senouci.\u00a0 La semaine de l\u2019hommage \u00e0 Alloula sera marqu\u00e9e par d\u2019autres activit\u00e9s dont des expositions photos et \u00e9ventuellement des projections de documentaires, a-t-on indiqu\u00e9.\u00a0<\/p>\n<p>Et samedi prochain, la cl\u00f4ture par la pr\u00e9sentation de la g\u00e9n\u00e9rale de la nouvelle reproduction d\u2019\u00abArlequin\u00bb, un projet coproduit par le TRO et le TNA d\u2019Alger dans une version contemporaine, a-t-on soulign\u00e9.\u00a0<\/p>\n<p>Il y a lieu de rappeler que le th\u00e9\u00e2tre d\u2019Oran a d\u00e9j\u00e0 coproduit la pi\u00e8ce de th\u00e9\u00e2trale de Maaroud Lahouwa r\u00e9alis\u00e9e en 1993. Une \u0153uvre qui a marqu\u00e9 l\u2019histoire du th\u00e9\u00e2tre alg\u00e9rien en obtenant plusieurs prix aussi bien \u00e0 l\u2019int\u00e9rieur qu\u2019\u00e0 l\u2019ext\u00e9rieur du pays.\u00a0<\/p>\n<p>\u00abNous avons privil\u00e9gi\u00e9 les jeunes talents\u00bb, a indiqu\u00e9 Morad Senouci.\u00a0<\/p>\n<p>A ce propos, il faut noter que les r\u00f4les dans cette \u0153uvre th\u00e9\u00e2trale sont camp\u00e9s par les com\u00e9diens Houria Zaouach, Leila Tilemlatine, Djahid de Sidi Belabb\u00e8s, Gouasmi Youcef et Merratia Mustapha.\u00a0<\/p>\n<p>La musique a \u00e9t\u00e9 confi\u00e9e \u00e0 Rahal Zoubir et la sc\u00e9nographie \u00e0 Hamza Djaballah. Il faut savoir que le th\u00e9\u00e2tre d\u2019Oran Abdelkader-Alloula a produit au titre de l\u2019ann\u00e9e 2018, six nouvelles \u0153uvres autofinanc\u00e9es.\u00a0<\/p>\n<p>Il s\u2019agit du spectacle de rue El Herraz, dans la cat\u00e9gorie \u00abimprovisation\u00bb, coproduit avec l\u2019association dromadaire, un spectacle de chor\u00e9graphie du \u00abth\u00e9\u00e2tre interactif\u00bb coproduit avec l&rsquo;association Sant\u00e9 Sidi El Houari (SDH), un spectacle de marionnettes \u00abPinocchio\u00bb et un monodrame appel\u00e9 El Fahla.\u00a0<\/p>\n<p><strong>Amel Saher<\/strong><\/p>\n<\/div>\n<p>Auteur: elmoudjahid<br \/>\n<a href=\"http:\/\/www.elmoudjahid.com\/fr\/actualites\/134551\">Cliquez ici pour lire l&rsquo;article depuis sa source.<\/a><\/p>\n","protected":false},"excerpt":{"rendered":"<p>\u00c0 la diff\u00e9rence des ann\u00e9es pr\u00e9c\u00e9dentes, le Th\u00e9\u00e2tre r\u00e9gional d\u2019Oran a choisi de comm\u00e9morer le triste\u00a0 25e anniversaire de l\u2019assassinat de la l\u00e9gende du 4e art alg\u00e9rien, Abdelkader Alloula, en reproduisant deux de ses c\u00e9l\u00e8bres pi\u00e8ces, en l\u2019occurrence Eladjwad et Arlequin, explique Morad Senouci,directeur du TRO, dans une d\u00e9claration \u00e0 notre journal.\u00a0 En effet, la [&hellip;]<\/p>\n","protected":false},"author":1744,"featured_media":0,"comment_status":"closed","ping_status":"closed","sticky":false,"template":"","format":"standard","meta":{"fifu_image_url":"","fifu_image_alt":"","footnotes":""},"categories":[73,53],"tags":[],"class_list":["post-20580","post","type-post","status-publish","format-standard","hentry","category-actualite","category-algerie"],"_links":{"self":[{"href":"https:\/\/linitiative.ca\/International\/wp-json\/wp\/v2\/posts\/20580","targetHints":{"allow":["GET"]}}],"collection":[{"href":"https:\/\/linitiative.ca\/International\/wp-json\/wp\/v2\/posts"}],"about":[{"href":"https:\/\/linitiative.ca\/International\/wp-json\/wp\/v2\/types\/post"}],"author":[{"embeddable":true,"href":"https:\/\/linitiative.ca\/International\/wp-json\/wp\/v2\/users\/1744"}],"replies":[{"embeddable":true,"href":"https:\/\/linitiative.ca\/International\/wp-json\/wp\/v2\/comments?post=20580"}],"version-history":[{"count":0,"href":"https:\/\/linitiative.ca\/International\/wp-json\/wp\/v2\/posts\/20580\/revisions"}],"wp:attachment":[{"href":"https:\/\/linitiative.ca\/International\/wp-json\/wp\/v2\/media?parent=20580"}],"wp:term":[{"taxonomy":"category","embeddable":true,"href":"https:\/\/linitiative.ca\/International\/wp-json\/wp\/v2\/categories?post=20580"},{"taxonomy":"post_tag","embeddable":true,"href":"https:\/\/linitiative.ca\/International\/wp-json\/wp\/v2\/tags?post=20580"}],"curies":[{"name":"wp","href":"https:\/\/api.w.org\/{rel}","templated":true}]}}