{"id":20606,"date":"2019-03-09T11:52:00","date_gmt":"2019-03-09T16:52:00","guid":{"rendered":"https:\/\/linitiative.ca\/International\/sidi-bel-abbes-saisie-de-350-comprimes-de-psychotropes\/"},"modified":"2019-03-09T11:52:00","modified_gmt":"2019-03-09T16:52:00","slug":"sidi-bel-abbes-saisie-de-350-comprimes-de-psychotropes","status":"publish","type":"post","link":"https:\/\/linitiative.ca\/International\/sidi-bel-abbes-saisie-de-350-comprimes-de-psychotropes\/","title":{"rendered":"SIDI BEL ABBES   : Saisie de 350 comprim\u00e9s  de psychotropes"},"content":{"rendered":"<p><br id=\"sep_para_1\" class=\"sep_para access\"\/><\/p>\n<div id=\"para_1\" class=\"para_29659941 resize\">\n<div class=\"texte access firstletter\">Dans le cadre de la lutte implacable d\u00e9clar\u00e9e contre la criminalit\u00e9 sous toutes ses formes, les \u00e9l\u00e9ments de la 14\u00e8me\u00a0 s\u00fbret\u00e9\u00a0 urbaine de Sidi Bel Abb\u00e8s, viennent de proc\u00e9der \u00e0 l&rsquo;arrestation de 02\u00a0 trentenaires pour commercialisation de comprim\u00e9s de psychotropes, apprend-on d&rsquo;un bulletin \u00e9manant de la cellule de communication de la S.W. Selon le m\u00eame communiqu\u00e9, les policiers ont agi suite \u00e0 des informations\u00a0 fiables faisant \u00e9tat de la pr\u00e9sence, dans le quartier Benhamouda, d\u2019un repris de justice notoire qui a fait usage de sa moto pour \u00e9couler les comprim\u00e9s antid\u00e9presseurs.\u00a0 Apr\u00e8s\u00a0 une enqu\u00eate approfondie et la surveillance constante des agissements et mouvements du suspect, il fut arr\u00eat\u00e9 en compagnie de son acolyte en flagrant d\u00e9lit, et en possession de130 psychotropes, poursuit le communiqu\u00e9. Lors d&rsquo;une fouille r\u00e9glementaire d&rsquo;un domicile familial de l&rsquo;un des 02 mis en cause, 230 autres comprim\u00e9s seront d\u00e9couverts par les investigateurs. Le procureur pr\u00e8s le tribunal les a plac\u00e9s sous mandat de d\u00e9p\u00f4t.\u00a0\u00a0\u00a0\u00a0\u00a0\u00a0\u00a0\u00a0\u00a0\u00a0\u00a0\u00a0\u00a0\u00a0\u00a0\u00a0\u00a0\u00a0\u00a0\u00a0\u00a0\u00a0\u00a0\u00a0\u00a0\u00a0\u00a0\u00a0\u00a0\u00a0\u00a0\u00a0\u00a0\u00a0\u00a0\u00a0\u00a0\u00a0\u00a0\u00a0<\/div>\n<\/div>\n<p>Auteur: M.Noui<br \/>\n<a href=\"https:\/\/www.reflexiondz.net\/SIDI-BEL-ABBES-Saisie-de-350-comprimes-de-psychotropes_a54851.html\">Cliquez ici pour lire l&rsquo;article depuis sa source.<\/a><\/p>\n","protected":false},"excerpt":{"rendered":"<p>Dans le cadre de la lutte implacable d\u00e9clar\u00e9e contre la criminalit\u00e9 sous toutes ses formes, les \u00e9l\u00e9ments de la 14\u00e8me\u00a0 s\u00fbret\u00e9\u00a0 urbaine de Sidi Bel Abb\u00e8s, viennent de proc\u00e9der \u00e0 l&rsquo;arrestation de 02\u00a0 trentenaires pour commercialisation de comprim\u00e9s de psychotropes, apprend-on d&rsquo;un bulletin \u00e9manant de la cellule de communication de la S.W. Selon le m\u00eame [&hellip;]<\/p>\n","protected":false},"author":1740,"featured_media":0,"comment_status":"closed","ping_status":"closed","sticky":false,"template":"","format":"standard","meta":{"fifu_image_url":"","fifu_image_alt":"","footnotes":""},"categories":[53,76],"tags":[],"class_list":["post-20606","post","type-post","status-publish","format-standard","hentry","category-algerie","category-regions"],"_links":{"self":[{"href":"https:\/\/linitiative.ca\/International\/wp-json\/wp\/v2\/posts\/20606","targetHints":{"allow":["GET"]}}],"collection":[{"href":"https:\/\/linitiative.ca\/International\/wp-json\/wp\/v2\/posts"}],"about":[{"href":"https:\/\/linitiative.ca\/International\/wp-json\/wp\/v2\/types\/post"}],"author":[{"embeddable":true,"href":"https:\/\/linitiative.ca\/International\/wp-json\/wp\/v2\/users\/1740"}],"replies":[{"embeddable":true,"href":"https:\/\/linitiative.ca\/International\/wp-json\/wp\/v2\/comments?post=20606"}],"version-history":[{"count":0,"href":"https:\/\/linitiative.ca\/International\/wp-json\/wp\/v2\/posts\/20606\/revisions"}],"wp:attachment":[{"href":"https:\/\/linitiative.ca\/International\/wp-json\/wp\/v2\/media?parent=20606"}],"wp:term":[{"taxonomy":"category","embeddable":true,"href":"https:\/\/linitiative.ca\/International\/wp-json\/wp\/v2\/categories?post=20606"},{"taxonomy":"post_tag","embeddable":true,"href":"https:\/\/linitiative.ca\/International\/wp-json\/wp\/v2\/tags?post=20606"}],"curies":[{"name":"wp","href":"https:\/\/api.w.org\/{rel}","templated":true}]}}