{"id":20613,"date":"2019-03-09T03:00:00","date_gmt":"2019-03-09T08:00:00","guid":{"rendered":"https:\/\/linitiative.ca\/International\/walid-oueslati-amira-tlili-said-kechida-et-nejla-saula-ces-tunisiens-qui-brillent-a-locde\/"},"modified":"2019-03-09T03:00:00","modified_gmt":"2019-03-09T08:00:00","slug":"walid-oueslati-amira-tlili-said-kechida-et-nejla-saula-ces-tunisiens-qui-brillent-a-locde","status":"publish","type":"post","link":"https:\/\/linitiative.ca\/International\/walid-oueslati-amira-tlili-said-kechida-et-nejla-saula-ces-tunisiens-qui-brillent-a-locde\/","title":{"rendered":"Walid Oueslati, Amira Tlili, Said Kechida et Nejla Saula: Ces Tunisiens qui brillent \u00e0 l\u2019Ocde"},"content":{"rendered":"<p>Ils sont quatre Tunisiens \u00e0 occuper de hautes fonctions au sein de l\u2019Organisation de coop\u00e9ration et de d\u00e9veloppement \u00e9conomiques (Ocde) \u00e0 Paris. A parit\u00e9 : deux femmes, Amira Tlili et Nejla Saula, et deux hommes, Said Kechida et Walid Ouertani. Amira et Said ont d\u00e9barqu\u00e9 directement de la Kasbah o\u00f9 tous deux \u00e9taient charg\u00e9s de mission au cabinet du chef du gouvernement Mehdi Jomaa. Re\u00e7u \u00e0 l\u2019Ocde, lors de sa visite officielle \u00e0 Paris, Youssef Chahed \u00e9tait ravi de les rencontrer.<\/p>\n<p>Tous les quatre se d\u00e9ploient au sein de cette organisation plus que centenaire, groupant 36 pays membres et d\u00e9di\u00e9e \u00e0 la promotion des politiques qui am\u00e9lioreront le bien-\u00eatre \u00e9conomique et social partout dans le monde.<\/p>\n<p><span class=\"c2\"><strong><img loading=\"lazy\" decoding=\"async\" src=\"\/uploads\/FCK_files\/Walid-Oueslati.jpg\" alt=\"\" width=\"100\" vspace=\"5\" hspace=\"5\" height=\"100\" align=\"left\"\/>Walid Oueslati<\/strong><\/span> est chef de l\u2019unit\u00e9 \u00ab Analyse empirique des politiques environnementales\u00bb \u00e0 la direction de l\u2019environnement. Apr\u00e8s son bac au lyc\u00e9e du Kef, il encha\u00eenera une ma\u00eetrise, puis un DEA en sciences \u00e9conomiques au campus de l\u2019Universit\u00e9 de Tunis El Manar, un doctorat en sciences \u00e9conomiques de l\u2019Universit\u00e9 Paris X &#8211; Nanterre, une habilitation \u00e0 diriger des recherches et la qualification aux fonctions de professeur des universit\u00e9s.<\/p>\n<p><span class=\"c2\"><strong><img loading=\"lazy\" decoding=\"async\" src=\"\/uploads\/FCK_files\/Amira-Tlili.jpg\" alt=\"\" width=\"100\" vspace=\"5\" hspace=\"5\" height=\"100\" align=\"left\"\/>Amira Tlili<\/strong><\/span> est analyste de politiques publiques, coordinatrice de projets \/ Ocde. Dipl\u00f4m\u00e9e de l\u2019ENA Tunis, puis de l\u2019ENA France, elle est \u00e9galement titulaire d\u2019un master en administration publique g\u00e9n\u00e9rale \u00e0 l\u2019Universit\u00e9 de Strasbourg. D\u00e8s 2013, elle commencera sa carri\u00e8re \u00e0 l\u2019Ocde au sein de la direction de la gouvernance publique et du d\u00e9veloppement territorial<\/p>\n<p><span class=\"c2\"><strong><img loading=\"lazy\" decoding=\"async\" src=\"\/uploads\/FCK_files\/Said-Kechida.jpg\" alt=\"\" width=\"100\" vspace=\"5\" hspace=\"5\" height=\"100\" align=\"left\"\/>Said Kechida,<\/strong><\/span> \u00e9conomiste \u00e0 la direction des affaires financi\u00e8res et des entreprises, d\u00e9crochera son bac au Lyc\u00e9e Ibnou Sina \u00e0 Menzel Bourguiba et partira poursuivre ses \u00e9tudes sup\u00e9rieures en Allemagne.\u00a0 Tour \u00e0 tour, il obtiendra un master en finance \u00e0 l\u2019universit\u00e9 de Stuttgart, puis un MBA \u00e0 l\u2019Ecole de management de Normandie. Il rejoindra l\u2019Ocde en 2012.<\/p>\n<p><span class=\"c2\"><strong><img loading=\"lazy\" decoding=\"async\" src=\"\/uploads\/FCK_files\/Nejla-Soula.jpg\" alt=\"\" width=\"100\" vspace=\"5\" hspace=\"5\" height=\"100\" align=\"left\"\/>Nejla Saula<\/strong><\/span> est la chef adjointe du Bureau du Sherpa et de l\u2019Unit\u00e9 de gouvernance mondiale au cabinet du secr\u00e9taire g\u00e9n\u00e9ral. \u00c0 ce titre, elle \u0153uvre \u00e0 renforcer la visibilit\u00e9 de l\u2019Ocde au G20, au G7 et \u00e0 l\u2019Apec et \u00e0 utiliser ces tribunes pour faire conna\u00eetre les travaux, analyses et instruments de l\u2019Ocde de fa\u00e7on \u00e0 apporter des \u00e9l\u00e9ments utiles face \u00e0 des d\u00e9fis syst\u00e9miques de port\u00e9e mondiale. Elle g\u00e8re \u00e9galement les actions men\u00e9es par l\u2019Ocde pour consolider son programme mondial de lutte contre la corruption et de promotion de l\u2019int\u00e9grit\u00e9, et donner suite aux conclusions du Sommet britannique anticorruption. Avant d\u2019occuper ces fonctions, elle a coordonn\u00e9, en qualit\u00e9 de conseill\u00e8re strat\u00e9gique faisant partie de l\u2019\u00e9quipe depuis 2012, les contributions de l\u2019Ocde au programme du G20 de lutte contre la corruption. Elle a \u00e9galement soutenu la participation de l\u2019Ocde au Partenariat de Deauville du G7 et a coordonn\u00e9 l\u2019\u00e9laboration de propositions de projet de renforcement des capacit\u00e9s pour le Fonds de transition. Nejla est titulaire d\u2019un master I bilingue en droit europ\u00e9en de l\u2019Universit\u00e9 de Paris Ouest, ainsi que d\u2019un doctorat en droit de l\u2019American University Washington College of Law. Elle est membre du Barreau de l\u2019\u00c9tat de New York.<\/p>\n<p class=\"c3\"><strong><a href=\"http:\/\/www.leaders.com.tn\/le_mensuel_abonnez_vous\"><img loading=\"lazy\" decoding=\"async\" src=\"\/uploads\/FCK_files\/Bandeau-Leaders-1-copie(17).jpg\" alt=\"\" width=\"500\" vspace=\"5\" hspace=\"5\" height=\"128\" align=\"middle\"\/><\/a><\/strong><\/p>\n<p>Auteur:<br \/>\n<a href=\"https:\/\/www.leaders.com.tn\/article\/26643-walid-oueslati-amira-tlili-said-kechida-et-nejla-saula-ces-tunisiens-qui-brillent-a-l-ocde\">Cliquez ici pour lire l&rsquo;article depuis sa source.<\/a><\/p>\n","protected":false},"excerpt":{"rendered":"<p>Ils sont quatre Tunisiens \u00e0 occuper de hautes fonctions au sein de l\u2019Organisation de coop\u00e9ration et de d\u00e9veloppement \u00e9conomiques (Ocde) \u00e0 Paris. A parit\u00e9 : deux femmes, Amira Tlili et Nejla Saula, et deux hommes, Said Kechida et Walid Ouertani. Amira et Said ont d\u00e9barqu\u00e9 directement de la Kasbah o\u00f9 tous deux \u00e9taient charg\u00e9s de [&hellip;]<\/p>\n","protected":false},"author":1772,"featured_media":20614,"comment_status":"closed","ping_status":"closed","sticky":false,"template":"","format":"standard","meta":{"fifu_image_url":"","fifu_image_alt":"","footnotes":""},"categories":[73,55],"tags":[],"class_list":["post-20613","post","type-post","status-publish","format-standard","has-post-thumbnail","hentry","category-actualite","category-tunisie"],"_links":{"self":[{"href":"https:\/\/linitiative.ca\/International\/wp-json\/wp\/v2\/posts\/20613","targetHints":{"allow":["GET"]}}],"collection":[{"href":"https:\/\/linitiative.ca\/International\/wp-json\/wp\/v2\/posts"}],"about":[{"href":"https:\/\/linitiative.ca\/International\/wp-json\/wp\/v2\/types\/post"}],"author":[{"embeddable":true,"href":"https:\/\/linitiative.ca\/International\/wp-json\/wp\/v2\/users\/1772"}],"replies":[{"embeddable":true,"href":"https:\/\/linitiative.ca\/International\/wp-json\/wp\/v2\/comments?post=20613"}],"version-history":[{"count":0,"href":"https:\/\/linitiative.ca\/International\/wp-json\/wp\/v2\/posts\/20613\/revisions"}],"wp:featuredmedia":[{"embeddable":true,"href":"https:\/\/linitiative.ca\/International\/wp-json\/"}],"wp:attachment":[{"href":"https:\/\/linitiative.ca\/International\/wp-json\/wp\/v2\/media?parent=20613"}],"wp:term":[{"taxonomy":"category","embeddable":true,"href":"https:\/\/linitiative.ca\/International\/wp-json\/wp\/v2\/categories?post=20613"},{"taxonomy":"post_tag","embeddable":true,"href":"https:\/\/linitiative.ca\/International\/wp-json\/wp\/v2\/tags?post=20613"}],"curies":[{"name":"wp","href":"https:\/\/api.w.org\/{rel}","templated":true}]}}