{"id":20615,"date":"2019-03-09T04:00:00","date_gmt":"2019-03-09T09:00:00","guid":{"rendered":"https:\/\/linitiative.ca\/International\/les-cadeaux-offerts-par-youssef-chahed-aux-macron-aboul-kacem-chebbi-et-aouled-ahmed-album-photos\/"},"modified":"2019-03-09T04:00:00","modified_gmt":"2019-03-09T09:00:00","slug":"les-cadeaux-offerts-par-youssef-chahed-aux-macron-aboul-kacem-chebbi-et-aouled-ahmed-album-photos","status":"publish","type":"post","link":"https:\/\/linitiative.ca\/International\/les-cadeaux-offerts-par-youssef-chahed-aux-macron-aboul-kacem-chebbi-et-aouled-ahmed-album-photos\/","title":{"rendered":"Les cadeaux offerts par Youssef Chahed aux Macron : Aboul Kacem Chebbi et Aouled Ahmed&#8230; (Album Photos)"},"content":{"rendered":"<p>S\u00e9quence invisible \u00e0 la presse lors de toute visite officielle, la remise et parfois l\u2019\u00e9change de cadeaux. Le protocole tunisien s\u2019y conna\u00eet bien. C\u2019est ainsi que Youssef Chahed a choisi d\u2019offrir au couple pr\u00e9sidentiel fran\u00e7ais, lors de sa viste \u00e0 Paris mi-f\u00e9vrier dernier des livres sur l\u2019histoire de la Tunisie, et deux plats calligraphi\u00e9s, \u0153uvre de l\u2019artiste Insaf Kilani Ennaceur. Celui portant le nom d\u2019Emmanuel (Macron) en arabe reprend des vers du po\u00e8me de l\u2019illustre Aboul Kacem Chebbi \u00ab La volont\u00e9 de vivre \u00bb. Quant au plat d\u00e9di\u00e9 \u00e0 Brigitte (Macron), il est illustr\u00e9 de vers d\u2019un autre grand po\u00e8te tunisien, Mohamed Sghaier Ouled Ahmed, de son po\u00e8me d\u00e9di\u00e9 aux femmes: \u00abNissa\u00bb. Un bon choix.<\/p>\n<p class=\"c2\"><strong><a href=\"http:\/\/www.leaders.com.tn\/le_mensuel_abonnez_vous\"><img loading=\"lazy\" decoding=\"async\" src=\"\/uploads\/FCK_files\/Bandeau-Leaders-1-copie(17).jpg\" alt=\"\" width=\"500\" vspace=\"5\" hspace=\"5\" height=\"128\" align=\"middle\"\/><\/a><\/strong><\/p>\n<p>Auteur:<br \/>\n<a href=\"https:\/\/www.leaders.com.tn\/article\/26642-les-cadeaux-offerts-de-youssef-chahed-aux-macron\">Cliquez ici pour lire l&rsquo;article depuis sa source.<\/a><\/p>\n","protected":false},"excerpt":{"rendered":"<p>S\u00e9quence invisible \u00e0 la presse lors de toute visite officielle, la remise et parfois l\u2019\u00e9change de cadeaux. Le protocole tunisien s\u2019y conna\u00eet bien. C\u2019est ainsi que Youssef Chahed a choisi d\u2019offrir au couple pr\u00e9sidentiel fran\u00e7ais, lors de sa viste \u00e0 Paris mi-f\u00e9vrier dernier des livres sur l\u2019histoire de la Tunisie, et deux plats calligraphi\u00e9s, \u0153uvre [&hellip;]<\/p>\n","protected":false},"author":1772,"featured_media":20616,"comment_status":"closed","ping_status":"closed","sticky":false,"template":"","format":"standard","meta":{"fifu_image_url":"","fifu_image_alt":"","footnotes":""},"categories":[73,55],"tags":[],"class_list":["post-20615","post","type-post","status-publish","format-standard","has-post-thumbnail","hentry","category-actualite","category-tunisie"],"_links":{"self":[{"href":"https:\/\/linitiative.ca\/International\/wp-json\/wp\/v2\/posts\/20615","targetHints":{"allow":["GET"]}}],"collection":[{"href":"https:\/\/linitiative.ca\/International\/wp-json\/wp\/v2\/posts"}],"about":[{"href":"https:\/\/linitiative.ca\/International\/wp-json\/wp\/v2\/types\/post"}],"author":[{"embeddable":true,"href":"https:\/\/linitiative.ca\/International\/wp-json\/wp\/v2\/users\/1772"}],"replies":[{"embeddable":true,"href":"https:\/\/linitiative.ca\/International\/wp-json\/wp\/v2\/comments?post=20615"}],"version-history":[{"count":0,"href":"https:\/\/linitiative.ca\/International\/wp-json\/wp\/v2\/posts\/20615\/revisions"}],"wp:featuredmedia":[{"embeddable":true,"href":"https:\/\/linitiative.ca\/International\/wp-json\/"}],"wp:attachment":[{"href":"https:\/\/linitiative.ca\/International\/wp-json\/wp\/v2\/media?parent=20615"}],"wp:term":[{"taxonomy":"category","embeddable":true,"href":"https:\/\/linitiative.ca\/International\/wp-json\/wp\/v2\/categories?post=20615"},{"taxonomy":"post_tag","embeddable":true,"href":"https:\/\/linitiative.ca\/International\/wp-json\/wp\/v2\/tags?post=20615"}],"curies":[{"name":"wp","href":"https:\/\/api.w.org\/{rel}","templated":true}]}}