{"id":20631,"date":"2019-03-09T05:57:18","date_gmt":"2019-03-09T10:57:18","guid":{"rendered":"https:\/\/linitiative.ca\/International\/la-fondation-bmce-bank-valorise-les-oeuvres-artisanales-des-femmes-du-maroc\/"},"modified":"2019-03-09T05:57:18","modified_gmt":"2019-03-09T10:57:18","slug":"la-fondation-bmce-bank-valorise-les-oeuvres-artisanales-des-femmes-du-maroc","status":"publish","type":"post","link":"https:\/\/linitiative.ca\/International\/la-fondation-bmce-bank-valorise-les-oeuvres-artisanales-des-femmes-du-maroc\/","title":{"rendered":"La fondation BMCE Bank valorise les \u0153uvres artisanales des Femmes du Maroc"},"content":{"rendered":"<p>La <strong>fondation BMCE Bank,<\/strong> pr\u00e9sid\u00e9e par Dr Le\u00efla Mezian Benjelloun,\u00a0a organis\u00e9 le\u00a08 mars, \u00e0 l\u2019occasion de la c\u00e9l\u00e9bration de la Journ\u00e9e internationale des droits de la Femme, une exposition \u00e0 Casablanca mettant en valeur les \u0153uvres artisanales des <strong>Femmes du Maroc<\/strong>. Cette exposition, organis\u00e9e en association avec le cabinet-conseil Innovarte, avait pour objectif de mettre en valeur des milliers d\u2019\u0153uvres artisanales r\u00e9alis\u00e9es par des coop\u00e9ratives de femmes notamment du Rif et de Marrakech.<\/p>\n<div class=\"c10\"\/>\n<p>Cette occasion a permis aux centaines de visiteurs d\u2019acqu\u00e9rir des \u0153uvres. Selon Marga Crespo, directrice du cabinet Innovarte, qui soutient les femmes dans l\u2019accompagnement et l\u2019am\u00e9lioration de la qualit\u00e9 en mati\u00e8re d\u2019activit\u00e9s g\u00e9n\u00e9ratrices de revenus, le r\u00e9sultat de la vente sera totalement revers\u00e9 aux coop\u00e9ratives. Rappelons que la fondation BMCE Bank, depuis sa cr\u00e9ation, est totalement engag\u00e9e dans la promotion de l\u2019\u00e9ducation et dans la protection de l\u2019environnement.<\/p>\n<p>A travers son r\u00e9seau <strong>Medersat.com<\/strong>, elle accompagne le minist\u00e8re de l\u2019Education nationale dans ses efforts visant le d\u00e9veloppement du syst\u00e8me scolaire public marocain, surtout dans les milieux ruraux d\u00e9favoris\u00e9s. Force est de noter que le r\u00e9seau Medersat.com a pour principales missions de construire des \u00e9coles rurales, pilotes en mati\u00e8re de qualit\u00e9 et d\u2019innovation p\u00e9dagogique, en donnant une grande importance \u00e0 l\u2019\u00e9panouissement artistique des apprenants \u00e0 travers des activit\u00e9s d\u2019\u00e9veil.<\/p>\n<p>Afin d\u2019aller encore plus loin dans ses initiatives, la fondation a renouvel\u00e9 son partenariat avec le minist\u00e8re de l\u2019Education en 2018. En vertu de cela, elle entend consolider et \u00e9largir le r\u00e9seau des \u00e9coles medersat.com au Maroc et en Afrique subsaharienne, et les doter des moyens n\u00e9cessaires pour en faire des \u00e9coles-mod\u00e8les capables de dispenser un enseignement de qualit\u00e9 dans des milieux d\u00e9favoris\u00e9s.<\/p>\n<p>Notons par ailleurs que la fondation apporte aussi son soutien aux actions culturelles orient\u00e9es vers la promotion de la langue et de la culture amazighes et celle du patrimoine culturel amazigh. Pour rappel, la fondation BMCE Bank a re\u00e7u le prestigieux prix \u00ab\u00a0<strong>Rockefeller Bridging Leadership Award\u00a0<\/strong>\u00bb \u00e0 New York en mai 2016.<\/p>\n<div class=\"c17\">\n<fieldset class=\"c16\">\n<legend><strong><span class=\"c11\">Challenge<\/span><span class=\"c12\">news<\/span><\/strong><\/legend>\n<div class=\"c15\">Le meilleur de la r\u00e9daction s\u00e9lectionn\u00e9 par Challenge :<\/p>\n<\/div>\n<\/fieldset>\n<\/div>\n<p>Auteur: Roland Amoussou<br \/>\n<a href=\"https:\/\/www.challenge.ma\/la-fondation-bmce-bank-valorise-les-oeuvres-artisanales-des-femmes-du-maroc-105875\/\">Cliquez ici pour lire l&rsquo;article depuis sa source.<\/a><\/p>\n","protected":false},"excerpt":{"rendered":"<p>La fondation BMCE Bank, pr\u00e9sid\u00e9e par Dr Le\u00efla Mezian Benjelloun,\u00a0a organis\u00e9 le\u00a08 mars, \u00e0 l\u2019occasion de la c\u00e9l\u00e9bration de la Journ\u00e9e internationale des droits de la Femme, une exposition \u00e0 Casablanca mettant en valeur les \u0153uvres artisanales des Femmes du Maroc. Cette exposition, organis\u00e9e en association avec le cabinet-conseil Innovarte, avait pour objectif de mettre [&hellip;]<\/p>\n","protected":false},"author":1787,"featured_media":0,"comment_status":"closed","ping_status":"closed","sticky":false,"template":"","format":"standard","meta":{"fifu_image_url":"","fifu_image_alt":"","footnotes":""},"categories":[78,54],"tags":[],"class_list":["post-20631","post","type-post","status-publish","format-standard","hentry","category-economie","category-maroc"],"_links":{"self":[{"href":"https:\/\/linitiative.ca\/International\/wp-json\/wp\/v2\/posts\/20631","targetHints":{"allow":["GET"]}}],"collection":[{"href":"https:\/\/linitiative.ca\/International\/wp-json\/wp\/v2\/posts"}],"about":[{"href":"https:\/\/linitiative.ca\/International\/wp-json\/wp\/v2\/types\/post"}],"author":[{"embeddable":true,"href":"https:\/\/linitiative.ca\/International\/wp-json\/wp\/v2\/users\/1787"}],"replies":[{"embeddable":true,"href":"https:\/\/linitiative.ca\/International\/wp-json\/wp\/v2\/comments?post=20631"}],"version-history":[{"count":0,"href":"https:\/\/linitiative.ca\/International\/wp-json\/wp\/v2\/posts\/20631\/revisions"}],"wp:attachment":[{"href":"https:\/\/linitiative.ca\/International\/wp-json\/wp\/v2\/media?parent=20631"}],"wp:term":[{"taxonomy":"category","embeddable":true,"href":"https:\/\/linitiative.ca\/International\/wp-json\/wp\/v2\/categories?post=20631"},{"taxonomy":"post_tag","embeddable":true,"href":"https:\/\/linitiative.ca\/International\/wp-json\/wp\/v2\/tags?post=20631"}],"curies":[{"name":"wp","href":"https:\/\/api.w.org\/{rel}","templated":true}]}}