{"id":20632,"date":"2019-03-09T10:00:35","date_gmt":"2019-03-09T15:00:35","guid":{"rendered":"https:\/\/linitiative.ca\/International\/la-vice-presidente-de-la-bei-en-visite-au-maroc-les-11-et-12-mars\/"},"modified":"2019-03-09T10:00:35","modified_gmt":"2019-03-09T15:00:35","slug":"la-vice-presidente-de-la-bei-en-visite-au-maroc-les-11-et-12-mars","status":"publish","type":"post","link":"https:\/\/linitiative.ca\/International\/la-vice-presidente-de-la-bei-en-visite-au-maroc-les-11-et-12-mars\/","title":{"rendered":"La vice-pr\u00e9sidente de la BEI en visite au Maroc les 11 et 12 mars"},"content":{"rendered":"<p>La vice-pr\u00e9sidente de la Banque europ\u00e9enne d\u2019investissement (BEI) en charge des activit\u00e9s de la Banque au Maghreb, <strong>Emma Navarro<\/strong>, effectuera les 11 et 12 mars sa premi\u00e8re visite au Maroc, indique vendredi un communiqu\u00e9 de la BEI.<\/p>\n<div class=\"c10\"\/>\n<p>Lors de cette visite, la responsable de la Banque europ\u00e9enne d\u2019investissement\u00a0rencontrera des membres du gouvernement ainsi que des repr\u00e9sentants du monde diplomatique et financier et proc\u00e9dera \u00e0 la signature d\u2019un accord de financement en vue de renforcer l\u2019<strong>infrastructure autorouti\u00e8re<\/strong> du Maroc et d\u2019un protocole d\u2019entente avec la Caisse Centrale de Garantie, pr\u00e9cise la m\u00eame source.<\/p>\n<p>\u00ab\u00a0Le Maroc est un partenaire cl\u00e9 de l\u2019Union europ\u00e9enne et de la Banque europ\u00e9enne d\u2019investissement. La BEI, qui f\u00eate cette ann\u00e9e ces 40 ans de coop\u00e9ration avec le Maroc se tient pr\u00eate \u00e0 accompagner sur la dur\u00e9e les plans ambitieux et les investissements strat\u00e9giques du Royaume, qui contribueront \u00e0 renforcer la croissance durable et la coh\u00e9sion sociale tout en d\u00e9veloppant l\u2019emploi dans le pays\u00a0\u00bb, a soulign\u00e9 Navarro cit\u00e9e dans le communiqu\u00e9.<\/p>\n<p>Depuis 2007, la <strong>Banque europ\u00e9enne d\u2019investissement<\/strong> a consacr\u00e9 pr\u00e8s de 5 milliards d\u2019euros d\u2019investissements \u00e0 la mise en \u0153uvre de nouveaux projets dans des secteurs cl\u00e9s de l\u2019\u00e9conomie marocaine, tels que le transport urbain, l\u2019\u00e9nergie, le secteur priv\u00e9, l\u2019eau et l\u2019assainissement, et l\u2019\u00e9ducation des jeunes.<\/p>\n<p>Le Maroc est le 2\u00e8me plus important b\u00e9n\u00e9ficiaire des financements de la BEI parmi les pays voisins du sud de l\u2019Europe avec 25% des investissements totaux de la banque dans la r\u00e9gion, rappelle la m\u00eame source.<\/p>\n<div class=\"c17\">\n<fieldset class=\"c16\">\n<legend><strong><span class=\"c11\">Challenge<\/span><span class=\"c12\">news<\/span><\/strong><\/legend>\n<div class=\"c15\">Le meilleur de la r\u00e9daction s\u00e9lectionn\u00e9 par Challenge :<\/p>\n<\/div>\n<\/fieldset>\n<\/div>\n<p>Auteur: challenge<br \/>\n<a href=\"https:\/\/www.challenge.ma\/la-vice-presidente-de-la-bei-en-visite-au-maroc-les-11-et-12-mars-105884\/\">Cliquez ici pour lire l&rsquo;article depuis sa source.<\/a><\/p>\n","protected":false},"excerpt":{"rendered":"<p>La vice-pr\u00e9sidente de la Banque europ\u00e9enne d\u2019investissement (BEI) en charge des activit\u00e9s de la Banque au Maghreb, Emma Navarro, effectuera les 11 et 12 mars sa premi\u00e8re visite au Maroc, indique vendredi un communiqu\u00e9 de la BEI. Lors de cette visite, la responsable de la Banque europ\u00e9enne d\u2019investissement\u00a0rencontrera des membres du gouvernement ainsi que des [&hellip;]<\/p>\n","protected":false},"author":1787,"featured_media":0,"comment_status":"closed","ping_status":"closed","sticky":false,"template":"","format":"standard","meta":{"fifu_image_url":"","fifu_image_alt":"","footnotes":""},"categories":[78,54],"tags":[],"class_list":["post-20632","post","type-post","status-publish","format-standard","hentry","category-economie","category-maroc"],"_links":{"self":[{"href":"https:\/\/linitiative.ca\/International\/wp-json\/wp\/v2\/posts\/20632","targetHints":{"allow":["GET"]}}],"collection":[{"href":"https:\/\/linitiative.ca\/International\/wp-json\/wp\/v2\/posts"}],"about":[{"href":"https:\/\/linitiative.ca\/International\/wp-json\/wp\/v2\/types\/post"}],"author":[{"embeddable":true,"href":"https:\/\/linitiative.ca\/International\/wp-json\/wp\/v2\/users\/1787"}],"replies":[{"embeddable":true,"href":"https:\/\/linitiative.ca\/International\/wp-json\/wp\/v2\/comments?post=20632"}],"version-history":[{"count":0,"href":"https:\/\/linitiative.ca\/International\/wp-json\/wp\/v2\/posts\/20632\/revisions"}],"wp:attachment":[{"href":"https:\/\/linitiative.ca\/International\/wp-json\/wp\/v2\/media?parent=20632"}],"wp:term":[{"taxonomy":"category","embeddable":true,"href":"https:\/\/linitiative.ca\/International\/wp-json\/wp\/v2\/categories?post=20632"},{"taxonomy":"post_tag","embeddable":true,"href":"https:\/\/linitiative.ca\/International\/wp-json\/wp\/v2\/tags?post=20632"}],"curies":[{"name":"wp","href":"https:\/\/api.w.org\/{rel}","templated":true}]}}