{"id":20640,"date":"2019-03-09T09:48:00","date_gmt":"2019-03-09T14:48:00","guid":{"rendered":"https:\/\/linitiative.ca\/International\/tunisie-deces-de-11-nouveaux-nes-prise-de-nouvelles-dispositions-par-le-ministere-de-la-sante\/"},"modified":"2019-03-09T09:48:00","modified_gmt":"2019-03-09T14:48:00","slug":"tunisie-deces-de-11-nouveaux-nes-prise-de-nouvelles-dispositions-par-le-ministere-de-la-sante","status":"publish","type":"post","link":"https:\/\/linitiative.ca\/International\/tunisie-deces-de-11-nouveaux-nes-prise-de-nouvelles-dispositions-par-le-ministere-de-la-sante\/","title":{"rendered":"Tunisie: D\u00e9c\u00e8s de 11 nouveaux-n\u00e9s, prise de nouvelles dispositions par le minist\u00e8re de la Sant\u00e9"},"content":{"rendered":"<div class=\"post-cont-in left relative\">\n<div class=\"nc_socialPanel swp_flatFresh swp_d_fullColor swp_i_fullColor swp_o_fullColor scale-100 scale-fullWidth\" data-position=\"none\" data-float=\"floatNone\" data-count=\"5\" data-floatcolor=\"#ffffff\" data-emphasize=\"0\">\n<div class=\"nc_tweetContainer totes totesalt\" data-id=\"6\"><span class=\"swp_count\"><span class=\"swp_label\">Partages<\/span> 312<\/span><\/div>\n<\/div>\n<p>Le minist\u00e8re de la Sant\u00e9 a annonc\u00e9 que suite au d\u00e9c\u00e8s de onze b\u00e9b\u00e9s survenu entre le 7 et le 8 mars \u00e0 l\u2019h\u00f4pital de la Rabta, l\u2019administration du centre, en coordination avec le personnel m\u00e9dical et param\u00e9dical, a pris les mesures n\u00e9cessaires, notamment en termes de pr\u00e9vention et de traitement.<\/p>\n<p>Dans un communiqu\u00e9 publi\u00e9, samedi, le minist\u00e8re de la Sant\u00e9 a \u00e9galement d\u00e9cid\u00e9 d\u2019ouvrir, d\u2019urgence, une enqu\u00eate afin d\u2019\u00e9tablir les causes r\u00e9elles de la mort. Les r\u00e9sultats seront rendus publics d\u00e8s que la vraie raison derri\u00e8re cette s\u00e9rie de d\u00e9c\u00e8s soit r\u00e9v\u00e9l\u00e9e, a pr\u00e9cis\u00e9 la m\u00eame source.<\/p>\n<div class=\"code-block code-block-1 c3\"><ins class=\"adsbygoogle c2\" data-ad-layout=\"in-article\" data-ad-format=\"fluid\" data-ad-client=\"ca-pub-2102118777505746\" data-ad-slot=\"7301775417\"\/> <\/div>\n<p>En outre,\u00a0 l\u2019h\u00f4pital a arr\u00eat\u00e9 l\u2019utilisation des m\u00e9dicaments qui auraient caus\u00e9 une infection g\u00e9n\u00e9rale fatale et les a \u00e9chang\u00e9s contre un nouveau stock aupr\u00e8s de la pharmacie centrale, afin d\u2019\u00e9viter un autre drame de ce genre, a expliqu\u00e9 la directrice g\u00e9n\u00e9rale de la Sant\u00e9, Nabiha Boursali.<\/p>\n<p>Elle a ajout\u00e9 qu\u2019une commission compos\u00e9e de sp\u00e9cialistes en m\u00e9decine et en pharmacie a \u00e9t\u00e9 charg\u00e9e d\u2019enqu\u00eater sur l\u2019affaire tandis que les familles des nouveaux-n\u00e9s ont \u00e9t\u00e9 psychologiquement pris en charge<\/p>\n<p>Le ministre de la Sant\u00e9, Abderraouf Cherif, a visit\u00e9 ce samedi le service de n\u00e9onatologie pour soutenir les efforts du cadre m\u00e9dical.<\/p>\n<div class=\"mvp-org-wrap mvp-org-logo\" itemprop=\"publisher\" itemscope=\"\" itemtype=\"https:\/\/schema.org\/Organization\"><img decoding=\"async\" src=\"https:\/\/www.tunisienumerique.com\/wp-content\/uploads\/2017\/02\/logo_tunisie_numerique.png\"\/><\/div>\n<div class=\"nc_socialPanel swp_flatFresh swp_d_fullColor swp_i_fullColor swp_o_fullColor scale-100 scale-fullWidth\" data-position=\"none\" data-float=\"floatNone\" data-count=\"5\" data-floatcolor=\"#ffffff\" data-emphasize=\"0\">\n<div class=\"nc_tweetContainer totes totesalt\" data-id=\"6\"><span class=\"swp_count\"><span class=\"swp_label\">Partages<\/span> 312<\/span><\/div>\n<\/div>\n<div class=\"mvp-related-posts left relative\">\n<h4 class=\"post-header\"><span class=\"post-header\">Lire aussi<\/span><\/h4>\n<\/div>\n<\/div>\n<p>Auteur: Mourad S<br \/>\n<a href=\"https:\/\/www.tunisienumerique.com\/tunisie-deces-de-11-nouveaux-nes-prise-de-nouvelles-dispositions-par-le-ministere-de-la-sante\/\">Cliquez ici pour lire l&rsquo;article depuis sa source.<\/a><\/p>\n","protected":false},"excerpt":{"rendered":"<p>Partages 312 Le minist\u00e8re de la Sant\u00e9 a annonc\u00e9 que suite au d\u00e9c\u00e8s de onze b\u00e9b\u00e9s survenu entre le 7 et le 8 mars \u00e0 l\u2019h\u00f4pital de la Rabta, l\u2019administration du centre, en coordination avec le personnel m\u00e9dical et param\u00e9dical, a pris les mesures n\u00e9cessaires, notamment en termes de pr\u00e9vention et de traitement. Dans un [&hellip;]<\/p>\n","protected":false},"author":1789,"featured_media":20641,"comment_status":"closed","ping_status":"closed","sticky":false,"template":"","format":"standard","meta":{"fifu_image_url":"","fifu_image_alt":"","footnotes":""},"categories":[73,55],"tags":[],"class_list":["post-20640","post","type-post","status-publish","format-standard","has-post-thumbnail","hentry","category-actualite","category-tunisie"],"_links":{"self":[{"href":"https:\/\/linitiative.ca\/International\/wp-json\/wp\/v2\/posts\/20640","targetHints":{"allow":["GET"]}}],"collection":[{"href":"https:\/\/linitiative.ca\/International\/wp-json\/wp\/v2\/posts"}],"about":[{"href":"https:\/\/linitiative.ca\/International\/wp-json\/wp\/v2\/types\/post"}],"author":[{"embeddable":true,"href":"https:\/\/linitiative.ca\/International\/wp-json\/wp\/v2\/users\/1789"}],"replies":[{"embeddable":true,"href":"https:\/\/linitiative.ca\/International\/wp-json\/wp\/v2\/comments?post=20640"}],"version-history":[{"count":0,"href":"https:\/\/linitiative.ca\/International\/wp-json\/wp\/v2\/posts\/20640\/revisions"}],"wp:featuredmedia":[{"embeddable":true,"href":"https:\/\/linitiative.ca\/International\/wp-json\/"}],"wp:attachment":[{"href":"https:\/\/linitiative.ca\/International\/wp-json\/wp\/v2\/media?parent=20640"}],"wp:term":[{"taxonomy":"category","embeddable":true,"href":"https:\/\/linitiative.ca\/International\/wp-json\/wp\/v2\/categories?post=20640"},{"taxonomy":"post_tag","embeddable":true,"href":"https:\/\/linitiative.ca\/International\/wp-json\/wp\/v2\/tags?post=20640"}],"curies":[{"name":"wp","href":"https:\/\/api.w.org\/{rel}","templated":true}]}}