{"id":20655,"date":"2019-03-09T17:50:01","date_gmt":"2019-03-09T22:50:01","guid":{"rendered":"https:\/\/linitiative.ca\/International\/mexique-une-attaque-a-main-armee-contre-une-discotheque-fait-15-morts\/"},"modified":"2019-03-09T17:50:01","modified_gmt":"2019-03-09T22:50:01","slug":"mexique-une-attaque-a-main-armee-contre-une-discotheque-fait-15-morts","status":"publish","type":"post","link":"https:\/\/linitiative.ca\/International\/mexique-une-attaque-a-main-armee-contre-une-discotheque-fait-15-morts\/","title":{"rendered":"Mexique: une attaque \u00e0 main arm\u00e9e contre une discoth\u00e8que fait 15 morts"},"content":{"rendered":"<div readability=\"32\">\n<p>Publi\u00e9 le 09.03.2019 \u00e0 23h50 par AFP<\/p>\n<\/div>\n<div readability=\"81\">\n<p>Une attaque \u00e0 main arm\u00e9e contre une discoth\u00e8que de l\u2019Etat de Guanajuato (centre du Mexique) a fait au moins 15 morts et quatre bless\u00e9s, a annonc\u00e9 le parquet local samedi.<\/p>\n<p>\u00ab\u00a0Quinze hommes ont perdu la vie\u00a0\u00bb, a d\u00e9clar\u00e9 \u00e0 l\u2019AFP Juan Jos\u00e9 Martinez, porte-parole du parquet de cet Etat.<\/p>\n<p>Selon les premiers \u00e9l\u00e9ments, plusieurs hommes arm\u00e9es sont arriv\u00e9s dans la nuit de vendredi \u00e0 samedi devant l\u2019\u00e9tablissement appel\u00e9 \u00ab\u00a0La Playa\u00a0\u00bb dans la ville de Salamanca et ont ouvert le feu contre les clients et les employ\u00e9s avant de s\u2019enfuir, selon Juan Jos\u00e9 Martinez.<\/p>\n<p>Les bless\u00e9s \u2014 trois hommes et une femme \u2014 ont \u00e9t\u00e9 transf\u00e9r\u00e9s vers les h\u00f4pitaux de la r\u00e9gion. On ne connaissait pas pour l\u2019heure l\u2019identit\u00e9 des victimes.<\/p>\n<p>Les causes de l\u2019attaque restaient inconnues dans l\u2019imm\u00e9diat.<\/p>\n<p>Si aucun lien n\u2019\u00e9tait pour l\u2019heure clairement \u00e9tabli, cette fusillade intervient alors qu\u2019une vaste op\u00e9ration des forces de l\u2019ordre vient d\u2019\u00eatre lanc\u00e9e dans cet Etat contre un puissant groupe criminel sp\u00e9cialis\u00e9s dans le vol de carburants.<\/p>\n<p><ins data-revive-zoneid=\"9\" data-revive-id=\"10111e19d28d19d031742ee3b0b33eb0\"\/> <\/p>\n<p>Le pr\u00e9sident mexicain, Lopez Obrador, qui a pris ses fonctions le 1er d\u00e9cembre, a lanc\u00e9 une offensive contre les vols de combustible qui co\u00fbtent environ trois milliards de dollars \u00e0 l\u2019entreprise publique Pemex, et g\u00e9n\u00e8re de nombreuses violences.<\/p>\n<p>C\u2019est dans cette m\u00eame ville de Salamanca qu\u2019un v\u00e9hicule contenant une fausse bombe avait \u00e9t\u00e9 abandonn\u00e9 fin janvier (bien fin JANVIER) devant une raffinerie.<\/p>\n<p>Des pancartes exigeant la lib\u00e9ration de pr\u00e9sum\u00e9s criminels arr\u00eat\u00e9s r\u00e9cemment dans le cadre de la strat\u00e9gie nationale de Lopez Obrador contre le vol de carburant, et demandant le retrait des soldats d\u00e9ploy\u00e9s \u00e0 Guanajuato, avaient \u00e9t\u00e9 d\u00e9couvertes \u00e0 proximit\u00e9.<\/p>\n<p>Elles \u00e9taient sign\u00e9es du chef pr\u00e9sum\u00e9 d\u2019un groupe criminel baptis\u00e9 Santa Rosa de Lima, qui menace de s\u2019en prendre aux militaires et \u00e0 des civils si ses revendications ne sont pas entendues.<\/p>\n<p>Le Mexique a enregistr\u00e9 en 2018 un chiffre record de violences, avec 33.341 homicides en 2018, soit le nombre le plus \u00e9lev\u00e9 depuis le d\u00e9but des statistiques en 1997.<\/p>\n<\/div>\n<p>Auteur: AFP<br \/>\n<a href=\"https:\/\/www.journalducameroun.com\/mexique-une-attaque-a-main-armee-contre-une-discotheque-fait-15-morts\/\">Cliquez ici pour lire l&rsquo;article depuis sa source.<\/a><\/p>\n","protected":false},"excerpt":{"rendered":"<p>Publi\u00e9 le 09.03.2019 \u00e0 23h50 par AFP Une attaque \u00e0 main arm\u00e9e contre une discoth\u00e8que de l\u2019Etat de Guanajuato (centre du Mexique) a fait au moins 15 morts et quatre bless\u00e9s, a annonc\u00e9 le parquet local samedi. \u00ab\u00a0Quinze hommes ont perdu la vie\u00a0\u00bb, a d\u00e9clar\u00e9 \u00e0 l\u2019AFP Juan Jos\u00e9 Martinez, porte-parole du parquet de cet [&hellip;]<\/p>\n","protected":false},"author":1965,"featured_media":0,"comment_status":"closed","ping_status":"closed","sticky":false,"template":"","format":"standard","meta":{"fifu_image_url":"","fifu_image_alt":"","footnotes":""},"categories":[73,82],"tags":[],"class_list":["post-20655","post","type-post","status-publish","format-standard","hentry","category-actualite","category-cameroun"],"_links":{"self":[{"href":"https:\/\/linitiative.ca\/International\/wp-json\/wp\/v2\/posts\/20655","targetHints":{"allow":["GET"]}}],"collection":[{"href":"https:\/\/linitiative.ca\/International\/wp-json\/wp\/v2\/posts"}],"about":[{"href":"https:\/\/linitiative.ca\/International\/wp-json\/wp\/v2\/types\/post"}],"author":[{"embeddable":true,"href":"https:\/\/linitiative.ca\/International\/wp-json\/wp\/v2\/users\/1965"}],"replies":[{"embeddable":true,"href":"https:\/\/linitiative.ca\/International\/wp-json\/wp\/v2\/comments?post=20655"}],"version-history":[{"count":0,"href":"https:\/\/linitiative.ca\/International\/wp-json\/wp\/v2\/posts\/20655\/revisions"}],"wp:attachment":[{"href":"https:\/\/linitiative.ca\/International\/wp-json\/wp\/v2\/media?parent=20655"}],"wp:term":[{"taxonomy":"category","embeddable":true,"href":"https:\/\/linitiative.ca\/International\/wp-json\/wp\/v2\/categories?post=20655"},{"taxonomy":"post_tag","embeddable":true,"href":"https:\/\/linitiative.ca\/International\/wp-json\/wp\/v2\/tags?post=20655"}],"curies":[{"name":"wp","href":"https:\/\/api.w.org\/{rel}","templated":true}]}}