{"id":20656,"date":"2019-03-09T17:50:03","date_gmt":"2019-03-09T22:50:03","guid":{"rendered":"https:\/\/linitiative.ca\/International\/le-pere-de-la-litterature-ivoirienne-bernard-dadie-est-mort\/"},"modified":"2019-03-09T17:50:03","modified_gmt":"2019-03-09T22:50:03","slug":"le-pere-de-la-litterature-ivoirienne-bernard-dadie-est-mort","status":"publish","type":"post","link":"https:\/\/linitiative.ca\/International\/le-pere-de-la-litterature-ivoirienne-bernard-dadie-est-mort\/","title":{"rendered":"\u00ab\u00a0Le p\u00e8re de la litt\u00e9rature ivoirienne\u00a0\u00bb, Bernard Dadi\u00e9, est mort"},"content":{"rendered":"<div readability=\"32\">\n<p>Publi\u00e9 le 09.03.2019 \u00e0 23h50 par AFP<\/p>\n<\/div>\n<div readability=\"132\">\n<p>\u00ab\u00a0Le p\u00e8re de la litt\u00e9rature ivoirienne\u00a0\u00bb, l\u2019\u00e9crivain Bernard Dadi\u00e9, homme engag\u00e9 et auteur d\u2019une \u0153uvre prolifique dans laquelle il a abord\u00e9 tous les genres, est mort samedi \u00e0 103 ans.<\/p>\n<p>\u00ab\u00a0La C\u00f4te d\u2019Ivoire vient de perdre son plus grand \u00e9crivain\u00a0\u00bb, a annonc\u00e9 \u00e0 l\u2019AFP le ministre ivoirien de la Culture, Maurice Bandaman.<\/p>\n<p>\u00ab\u00a0Quelle tristesse ! Bon voyage tonton et merci pour tous tes \u00e9crits et pour ta droiture qui nous inspire\u00a0\u00bb, a r\u00e9agi l\u2019\u00e9crivain franco-ivoirien Serge Bil\u00e9 sur sa page Facebook.<\/p>\n<p>Bernard Dadi\u00e9 a abord\u00e9 tous les genres litt\u00e9raires: po\u00e9sie, roman, chroniques, contes traditionnels et surtout th\u00e9\u00e2tre.<\/p>\n<p>\u00ab\u00a0Ecrire est, pour moi, un d\u00e9sir d\u2019\u00e9carter les t\u00e9n\u00e8bres, un d\u00e9sir d\u2019ouvrir \u00e0 chacun des fen\u00eatres sur le monde\u00a0\u00bb, avait d\u00e9clar\u00e9 l\u2019\u00e9crivain, en recevant en 2016 le premier prix Jaime Torres Bodet de l\u2019Unesco.<\/p>\n<p>N\u00e9 en 1916 \u00e0 Assinie (sud-est de la C\u00f4te d\u2019Ivoire), il se fait connaitre d\u00e8s 1934 avec une pi\u00e8ce de th\u00e9\u00e2tre satirique, \u00ab\u00a0Les Villes\u00a0\u00bb.<\/p>\n<p>En 1950 il publie un recueil de po\u00e8mes engag\u00e9s, \u00ab\u00a0Afrique debout !\u00a0\u00bb qui d\u00e9nonce les relations de domination entre Blancs et Noirs dans l\u2019Afrique coloniale.<\/p>\n<p>Son autobiographie romanc\u00e9e, \u00ab\u00a0Climbi\u00e9\u00a0\u00bb, parue en 1952, est sans doute son oeuvre la plus c\u00e9l\u00e8bre, \u00e9galement tr\u00e8s critique vis-\u00e0-vis du colonialisme. En 1980, son roman \u00ab\u00a0Les jambes du fils de Dieu\u00a0\u00bb (1980) remporte aussi un franc succ\u00e8s.<\/p>\n<p>Bernard Dadi\u00e9 a re\u00e7u deux fois le grand prix litt\u00e9raire d\u2019Afrique noire avec \u00ab\u00a0Patron de New York\u00a0\u00bb (1965) et \u00ab\u00a0La ville o\u00f9 nul ne meurt\u00a0\u00bb (1968).<\/p>\n<p>\u2013 Une litt\u00e9rature po\u00e9tique et engag\u00e9e \u2013<\/p>\n<p><ins data-revive-zoneid=\"9\" data-revive-id=\"10111e19d28d19d031742ee3b0b33eb0\"\/> <\/p>\n<p>C\u2019est \u00ab\u00a0un pionnier et un g\u00e9ant de la litt\u00e9rature africaine\u00a0\u00bb, avait d\u00e9clar\u00e9 en 2016 la directrice g\u00e9n\u00e9rale de l\u2019Unesco Irina Bokova.<\/p>\n<p>Ses oeuvres \u00ab\u00a0sont enseign\u00e9es dans les universit\u00e9s et grandes \u00e9coles d\u2019Afrique et d\u2019ailleurs\u00a0\u00bb, a rappel\u00e9 Maurice Bandaman.<\/p>\n<p>Homme engag\u00e9, Bernard Dadi\u00e9 fut aussi journaliste, homme politique et militant pour l\u2019ind\u00e9pendance de la C\u00f4te d\u2019Ivoire (colonie fran\u00e7aise jusqu\u2019en 1960).<\/p>\n<p>Cet engagement au sein du Parti d\u00e9mocratique de C\u00f4te d\u2019Ivoire \u2013 Rassemblement d\u00e9mocratique africain (PDCI-RDA) lui vaudra un s\u00e9jour d\u2019un an en prison, entre 1949 et 1950.<\/p>\n<p>Apr\u00e8s l\u2019ind\u00e9pendance, il a \u00e9t\u00e9 de 1977 \u00e0 1986 le ministre de la Culture du premier pr\u00e9sident ivoirien F\u00e9lix Houphou\u00ebt-Boigny.<\/p>\n<p>\u00ab\u00a0Bernard Binlin Dadi\u00e9 est l\u2019\u00e9crivain le plus f\u00e9cond de la litt\u00e9rature n\u00e9o-africaine (\u2026) et avec L\u00e9opold S\u00e9dar Senghor, le plus traduit\u00a0\u00bb, selon Nicole Vincileoni, universitaire et auteure d\u2019un ouvrage d\u2019analyse de r\u00e9f\u00e9rence sur son oeuvre.<\/p>\n<p>\u00ab\u00a0Sa litt\u00e9rature est \u00e0 la fois po\u00e9tique et engag\u00e9e, \u00e0 l\u2019image de l\u2019homme\u00a0\u00bb, a r\u00e9agi aupr\u00e8s de l\u2019AFP Serge Bil\u00e9, \u00e9crivain et pr\u00e9sentateur de t\u00e9l\u00e9vision en Martinique (Antilles fran\u00e7aises), qui lui avait rendu visite plusieurs fois ces deux derni\u00e8res ann\u00e9es pour la pr\u00e9paration d\u2019un livre \u00e0 paraitre, \u00ab\u00a0100 \u00e9crivains pour Bernard Dadi\u00e9\u00a0\u00bb.<\/p>\n<p>\u00ab\u00a0Dadi\u00e9 et Aim\u00e9 C\u00e9saire sont \u00e0 mes yeux les deux faces d\u2019une m\u00eame pi\u00e8ce, th\u00e9\u00e2trale et po\u00e9tique, rebelle et engag\u00e9e\u00a0\u00bb, \u00e9crivait Serge Bil\u00e9 en 2016.<\/p>\n<p>\u00ab\u00a0Nous nous inclinons devant sa m\u00e9moire\u00a0\u00bb, a d\u00e9clar\u00e9 le ministre Maurice Bandaman, souhaitant \u00ab\u00a0un hommage national\u00a0\u00bb.<\/p>\n<\/div>\n<p>Auteur: AFP<br \/>\n<a href=\"https:\/\/www.journalducameroun.com\/le-pere-de-la-litterature-ivoirienne-bernard-dadie-est-mort\/\">Cliquez ici pour lire l&rsquo;article depuis sa source.<\/a><\/p>\n","protected":false},"excerpt":{"rendered":"<p>Publi\u00e9 le 09.03.2019 \u00e0 23h50 par AFP \u00ab\u00a0Le p\u00e8re de la litt\u00e9rature ivoirienne\u00a0\u00bb, l\u2019\u00e9crivain Bernard Dadi\u00e9, homme engag\u00e9 et auteur d\u2019une \u0153uvre prolifique dans laquelle il a abord\u00e9 tous les genres, est mort samedi \u00e0 103 ans. \u00ab\u00a0La C\u00f4te d\u2019Ivoire vient de perdre son plus grand \u00e9crivain\u00a0\u00bb, a annonc\u00e9 \u00e0 l\u2019AFP le ministre ivoirien de [&hellip;]<\/p>\n","protected":false},"author":1965,"featured_media":0,"comment_status":"closed","ping_status":"closed","sticky":false,"template":"","format":"standard","meta":{"fifu_image_url":"","fifu_image_alt":"","footnotes":""},"categories":[73,82],"tags":[],"class_list":["post-20656","post","type-post","status-publish","format-standard","hentry","category-actualite","category-cameroun"],"_links":{"self":[{"href":"https:\/\/linitiative.ca\/International\/wp-json\/wp\/v2\/posts\/20656","targetHints":{"allow":["GET"]}}],"collection":[{"href":"https:\/\/linitiative.ca\/International\/wp-json\/wp\/v2\/posts"}],"about":[{"href":"https:\/\/linitiative.ca\/International\/wp-json\/wp\/v2\/types\/post"}],"author":[{"embeddable":true,"href":"https:\/\/linitiative.ca\/International\/wp-json\/wp\/v2\/users\/1965"}],"replies":[{"embeddable":true,"href":"https:\/\/linitiative.ca\/International\/wp-json\/wp\/v2\/comments?post=20656"}],"version-history":[{"count":0,"href":"https:\/\/linitiative.ca\/International\/wp-json\/wp\/v2\/posts\/20656\/revisions"}],"wp:attachment":[{"href":"https:\/\/linitiative.ca\/International\/wp-json\/wp\/v2\/media?parent=20656"}],"wp:term":[{"taxonomy":"category","embeddable":true,"href":"https:\/\/linitiative.ca\/International\/wp-json\/wp\/v2\/categories?post=20656"},{"taxonomy":"post_tag","embeddable":true,"href":"https:\/\/linitiative.ca\/International\/wp-json\/wp\/v2\/tags?post=20656"}],"curies":[{"name":"wp","href":"https:\/\/api.w.org\/{rel}","templated":true}]}}