{"id":20742,"date":"2019-03-10T15:13:59","date_gmt":"2019-03-10T19:13:59","guid":{"rendered":"https:\/\/linitiative.ca\/International\/international-real-un-nouvel-affront-contre-isco\/"},"modified":"2019-03-10T15:13:59","modified_gmt":"2019-03-10T19:13:59","slug":"international-real-un-nouvel-affront-contre-isco","status":"publish","type":"post","link":"https:\/\/linitiative.ca\/International\/international-real-un-nouvel-affront-contre-isco\/","title":{"rendered":"International : Real : Un nouvel affront contre Isco ?"},"content":{"rendered":"<div readability=\"32\">\n<p>Auteur : <span class=\"time\">dimanche 10 mars 2019 11:17<\/span><\/p>\n<\/div>\n<div id=\"post_core\" readability=\"45\">\n<p>Tr\u00e8s peu de temps de jeu, des injonctions \u00e0 plus travailler, des rumeurs sur sa la forme physique de l&rsquo;international espagnol&#8230;<\/p>\n<p>Et d\u00e9sormais, une non-convocation pour un match de Liga comme l&rsquo;indique Onefootball. Le g\u00e9nie espagnol regardera ses partenaires depuis les tribunes ce dimanche. Il pourra \u00e9galement voir les jeunes Brahim, Seoane et Cristo, de la Castilla, convoqu\u00e9s par l\u2019entraineur.<\/p>\n<p><img decoding=\"async\" alt=\"\" src=\"https:\/\/pbs.twimg.com\/media\/D1SWkDjWkAAVg5f.jpg\" class=\"c1\"\/><\/p>\n<p><strong>Publi\u00e9 dans :<\/strong> <span>real madrid<\/span><\/p>\n<\/div>\n<p>Auteur:<br \/>\n<a href=\"http:\/\/www.lebuteur.com\/article\/detail?titre=real-un-nouvel-affront-contre-isco&#038;id=87027&#038;utm_source=feedburner&#038;utm_medium=feed&#038;utm_campaign=Feed%3A+GalerieFArtciles+%28Les+derniers+articles++-+lebuteur.com%29\">Cliquez ici pour lire l&rsquo;article depuis sa source.<\/a><\/p>\n","protected":false},"excerpt":{"rendered":"<p>Auteur : dimanche 10 mars 2019 11:17 Tr\u00e8s peu de temps de jeu, des injonctions \u00e0 plus travailler, des rumeurs sur sa la forme physique de l&rsquo;international espagnol&#8230; Et d\u00e9sormais, une non-convocation pour un match de Liga comme l&rsquo;indique Onefootball. Le g\u00e9nie espagnol regardera ses partenaires depuis les tribunes ce dimanche. Il pourra \u00e9galement voir [&hellip;]<\/p>\n","protected":false},"author":1738,"featured_media":20743,"comment_status":"closed","ping_status":"closed","sticky":false,"template":"","format":"standard","meta":{"fifu_image_url":"","fifu_image_alt":"","footnotes":""},"categories":[53,75],"tags":[],"class_list":["post-20742","post","type-post","status-publish","format-standard","has-post-thumbnail","hentry","category-algerie","category-sport"],"_links":{"self":[{"href":"https:\/\/linitiative.ca\/International\/wp-json\/wp\/v2\/posts\/20742","targetHints":{"allow":["GET"]}}],"collection":[{"href":"https:\/\/linitiative.ca\/International\/wp-json\/wp\/v2\/posts"}],"about":[{"href":"https:\/\/linitiative.ca\/International\/wp-json\/wp\/v2\/types\/post"}],"author":[{"embeddable":true,"href":"https:\/\/linitiative.ca\/International\/wp-json\/wp\/v2\/users\/1738"}],"replies":[{"embeddable":true,"href":"https:\/\/linitiative.ca\/International\/wp-json\/wp\/v2\/comments?post=20742"}],"version-history":[{"count":0,"href":"https:\/\/linitiative.ca\/International\/wp-json\/wp\/v2\/posts\/20742\/revisions"}],"wp:featuredmedia":[{"embeddable":true,"href":"https:\/\/linitiative.ca\/International\/wp-json\/"}],"wp:attachment":[{"href":"https:\/\/linitiative.ca\/International\/wp-json\/wp\/v2\/media?parent=20742"}],"wp:term":[{"taxonomy":"category","embeddable":true,"href":"https:\/\/linitiative.ca\/International\/wp-json\/wp\/v2\/categories?post=20742"},{"taxonomy":"post_tag","embeddable":true,"href":"https:\/\/linitiative.ca\/International\/wp-json\/wp\/v2\/tags?post=20742"}],"curies":[{"name":"wp","href":"https:\/\/api.w.org\/{rel}","templated":true}]}}